{"id":7529,"date":"2020-10-30T12:52:22","date_gmt":"2020-10-30T18:52:22","guid":{"rendered":"https:\/\/encuentroinformativo.com.mx\/?p=7529"},"modified":"2020-10-30T12:52:25","modified_gmt":"2020-10-30T18:52:25","slug":"podemos-presentara-queja-por-propaganda-de-la-4t","status":"publish","type":"post","link":"https:\/\/encuentroinformativo.com.mx\/?p=7529","title":{"rendered":"Podemos presentar\u00e1 queja por propaganda de la 4T"},"content":{"rendered":"\n<p><strong>Dar\u00edo Pale <\/strong><\/p>\n\n\n\n<p>Xalapa, Ver.- El dirigente del partido pol\u00edtico estatal Podemos Francisco Garrido S\u00e1nchez dio a conocer que,\u00a0presentar\u00e1 una queja ante el Organismo P\u00fablico Local Electoral de Veracruz (OPLE) por la propaganda de la Cuarta Transformaci\u00f3n que a trav\u00e9s de bardas y autobuses, promueve al partido Movimiento de Regeneraci\u00f3n Nacional (MORENA) previo a las elecciones locales que se celebrar\u00e1n el a\u00f1o pr\u00f3ximo.<\/p>\n\n\n\n<p>Entrevistado despu\u00e9s de colocar una ofrenda floral\u00a0en el marco del XX aniversario luctuoso de Fernando Guti\u00e9rrez Barrios,\u00a0se\u00f1al\u00f3 que,\u00a0&#8220;vamos a presentar una vez que regrese la pr\u00f3xima semana el \u00d3rgano P\u00fablico Local Electoral, la queja para que de deje de hacer lo mismo que hac\u00eda el PRI hist\u00f3ricamente&#8221;.<\/p>\n\n\n\n<p>Garrido S\u00e1nchez asegur\u00f3 que en diciembre o a inicios de enero iniciar\u00e1n precampa\u00f1a como nuevo partido en la entidad,\u00a0\u201chemos logrado tener el respaldo de los veracruzanos desde hace 26 meses que venimos trabajando para conformar esta plataforma pol\u00edtica y hoy estamos presentando ya opciones para que se puedan ir construyendo los perfiles para las 30 diputaciones locales y las 212 presidencias municipales, as\u00ed que vamos en tiempo y forma&#8221;.<\/p>\n\n\n\n<p>En otro orden de ideas en cuanto al financiamiento de los nuevos partidos pol\u00edticos, el exdiputado priista, Francisco Garrido dijo que el OPLE debe calcular nuevamente los montos que asignar\u00e1 a los partidos reci\u00e9n conformados, pues no es equitativo actualmente.<\/p>\n\n\n\n<p>&#8220;No estamos peleando un tema de prerrogativas, nosotros no somos suceptibles en este momento de tener prerrogativas. S\u00f3lamente tenemos un est\u00edmulo que nos da el \u00d3rgano P\u00fablico Local Electoral a partir de la participaci\u00f3n de los impuestos de los veracruzanos, pero hubo un c\u00e1lculo mal estimado por parte de los consejeros y es lo que estamos pidiendo. Que se haga una revisi\u00f3n a ese c\u00e1lculo que hicieron mal para que se de de manera equitativa a las cuatro opciones pol\u00edticas que llegan como partidos nacionales, lo que nos toca por derecho&#8221;.<\/p>\n\n\n\n<p>Finalmente cabe se\u00f1alar que los militantes de &#8220;Podemos&#8221; recordaron este viernes el legado del exgobernador Guti\u00e9rrez Barrios, en Xalapa.<\/p>\n","protected":false},"excerpt":{"rendered":"<p>Dar\u00edo Pale Xalapa, Ver.- El dirigente del partido pol\u00edtico estatal Podemos Francisco Garrido S\u00e1nchez dio a conocer que,\u00a0presentar\u00e1 una queja ante el Organismo P\u00fablico Local Electoral de Veracruz (OPLE) por la propaganda de la Cuarta Transformaci\u00f3n que a trav\u00e9s de bardas y autobuses, promueve al partido Movimiento de Regeneraci\u00f3n Nacional (MORENA) previo a las elecciones [&hellip;]<\/p>\n","protected":false},"author":1,"featured_media":7530,"comment_status":"open","ping_status":"open","sticky":false,"template":"","format":"standard","meta":{"_jetpack_memberships_contains_paid_content":false,"footnotes":""},"categories":[2],"tags":[],"class_list":["post-7529","post","type-post","status-publish","format-standard","has-post-thumbnail","hentry","category-estado"],"jetpack_featured_media_url":"https:\/\/encuentroinformativo.com.mx\/wp-content\/uploads\/2020\/10\/AC89D2CE-5B61-406A-899C-61560E52EEFF.jpeg","jetpack_sharing_enabled":true,"jetpack_likes_enabled":true,"amp_enabled":true,"_links":{"self":[{"href":"https:\/\/encuentroinformativo.com.mx\/index.php?rest_route=\/wp\/v2\/posts\/7529","targetHints":{"allow":["GET"]}}],"collection":[{"href":"https:\/\/encuentroinformativo.com.mx\/index.php?rest_route=\/wp\/v2\/posts"}],"about":[{"href":"https:\/\/encuentroinformativo.com.mx\/index.php?rest_route=\/wp\/v2\/types\/post"}],"author":[{"embeddable":true,"href":"https:\/\/encuentroinformativo.com.mx\/index.php?rest_route=\/wp\/v2\/users\/1"}],"replies":[{"embeddable":true,"href":"https:\/\/encuentroinformativo.com.mx\/index.php?rest_route=%2Fwp%2Fv2%2Fcomments&post=7529"}],"version-history":[{"count":1,"href":"https:\/\/encuentroinformativo.com.mx\/index.php?rest_route=\/wp\/v2\/posts\/7529\/revisions"}],"predecessor-version":[{"id":7531,"href":"https:\/\/encuentroinformativo.com.mx\/index.php?rest_route=\/wp\/v2\/posts\/7529\/revisions\/7531"}],"wp:featuredmedia":[{"embeddable":true,"href":"https:\/\/encuentroinformativo.com.mx\/index.php?rest_route=\/wp\/v2\/media\/7530"}],"wp:attachment":[{"href":"https:\/\/encuentroinformativo.com.mx\/index.php?rest_route=%2Fwp%2Fv2%2Fmedia&parent=7529"}],"wp:term":[{"taxonomy":"category","embeddable":true,"href":"https:\/\/encuentroinformativo.com.mx\/index.php?rest_route=%2Fwp%2Fv2%2Fcategories&post=7529"},{"taxonomy":"post_tag","embeddable":true,"href":"https:\/\/encuentroinformativo.com.mx\/index.php?rest_route=%2Fwp%2Fv2%2Ftags&post=7529"}],"curies":[{"name":"wp","href":"https:\/\/api.w.org\/{rel}","templated":true}]}}