{"id":7550,"date":"2020-10-30T15:59:49","date_gmt":"2020-10-30T21:59:49","guid":{"rendered":"https:\/\/encuentroinformativo.com.mx\/?p=7550"},"modified":"2020-10-30T15:59:52","modified_gmt":"2020-10-30T21:59:52","slug":"no-repuntan-viajes-por-autobus-reconocen-empresas","status":"publish","type":"post","link":"https:\/\/encuentroinformativo.com.mx\/?p=7550","title":{"rendered":"No repuntan viajes por autob\u00fas, reconocen empresas"},"content":{"rendered":"\n<p><strong>Alejandro \u00c1vila<\/strong><\/p>\n\n\n\n<p>Veracruz, Ver.- A pesar de que otros rubros han reportado mejoras considerables en sus ventas, la reactivaci\u00f3n de viajes v\u00eda terrestre ha sido complicada y a\u00fan contin\u00faan con n\u00fameros bajos.<\/p>\n\n\n\n<p>Jos\u00e9 F\u00e9lix Dur\u00e1n, administrador de ADO en Veracruz reconoci\u00f3 que la pandemia les peg\u00f3 muy fuerte e incluso en corridas comunes como Xalapa, a\u00fan siguen sin registrar buenos n\u00fameros.<\/p>\n\n\n\n<p>Para esta fecha solo han podido trabajar al 30 por ciento del total de servicios que se daban en comparaci\u00f3n de otros a\u00f1os, por ello, se limitaron viajes a Oaxaca y Chiapas, as\u00ed como a varios puntos dentro de la entidad veracruzaba.<\/p>\n\n\n\n<p>&#8220;Se estuvieron dando en C\u00f3rdoba,&nbsp; Xalapa, Orizaba, Poza Rica y Tuxpan en menor n\u00famero, por ejemplo si a Xalapa hab\u00eda 70 corridas diarias nada m\u00e1s se consideraron 10 o 15 diarias&#8221;, apunt\u00f3.<\/p>\n\n\n\n<p>Si bien reconoci\u00f3 que en la linea de transporte econ\u00f3mico ha repuntado un 20 por ciento las ventas, en la clase alta y de lujo no se llega al 10 por ciento, situaci\u00f3n que espera cambie en diciembre.<\/p>\n","protected":false},"excerpt":{"rendered":"<p>Alejandro \u00c1vila Veracruz, Ver.- A pesar de que otros rubros han reportado mejoras considerables en sus ventas, la reactivaci\u00f3n de viajes v\u00eda terrestre ha sido complicada y a\u00fan contin\u00faan con n\u00fameros bajos. Jos\u00e9 F\u00e9lix Dur\u00e1n, administrador de ADO en Veracruz reconoci\u00f3 que la pandemia les peg\u00f3 muy fuerte e incluso en corridas comunes como Xalapa, [&hellip;]<\/p>\n","protected":false},"author":1,"featured_media":7551,"comment_status":"open","ping_status":"open","sticky":false,"template":"","format":"standard","meta":{"_jetpack_memberships_contains_paid_content":false,"footnotes":""},"categories":[2],"tags":[],"class_list":["post-7550","post","type-post","status-publish","format-standard","has-post-thumbnail","hentry","category-estado"],"jetpack_featured_media_url":"https:\/\/encuentroinformativo.com.mx\/wp-content\/uploads\/2020\/10\/4D590B25-CC09-4369-AE5A-970C9F244C29.jpeg","jetpack_sharing_enabled":true,"jetpack_likes_enabled":true,"amp_enabled":true,"_links":{"self":[{"href":"https:\/\/encuentroinformativo.com.mx\/index.php?rest_route=\/wp\/v2\/posts\/7550","targetHints":{"allow":["GET"]}}],"collection":[{"href":"https:\/\/encuentroinformativo.com.mx\/index.php?rest_route=\/wp\/v2\/posts"}],"about":[{"href":"https:\/\/encuentroinformativo.com.mx\/index.php?rest_route=\/wp\/v2\/types\/post"}],"author":[{"embeddable":true,"href":"https:\/\/encuentroinformativo.com.mx\/index.php?rest_route=\/wp\/v2\/users\/1"}],"replies":[{"embeddable":true,"href":"https:\/\/encuentroinformativo.com.mx\/index.php?rest_route=%2Fwp%2Fv2%2Fcomments&post=7550"}],"version-history":[{"count":1,"href":"https:\/\/encuentroinformativo.com.mx\/index.php?rest_route=\/wp\/v2\/posts\/7550\/revisions"}],"predecessor-version":[{"id":7552,"href":"https:\/\/encuentroinformativo.com.mx\/index.php?rest_route=\/wp\/v2\/posts\/7550\/revisions\/7552"}],"wp:featuredmedia":[{"embeddable":true,"href":"https:\/\/encuentroinformativo.com.mx\/index.php?rest_route=\/wp\/v2\/media\/7551"}],"wp:attachment":[{"href":"https:\/\/encuentroinformativo.com.mx\/index.php?rest_route=%2Fwp%2Fv2%2Fmedia&parent=7550"}],"wp:term":[{"taxonomy":"category","embeddable":true,"href":"https:\/\/encuentroinformativo.com.mx\/index.php?rest_route=%2Fwp%2Fv2%2Fcategories&post=7550"},{"taxonomy":"post_tag","embeddable":true,"href":"https:\/\/encuentroinformativo.com.mx\/index.php?rest_route=%2Fwp%2Fv2%2Ftags&post=7550"}],"curies":[{"name":"wp","href":"https:\/\/api.w.org\/{rel}","templated":true}]}}