{"id":75519,"date":"2026-03-08T15:37:10","date_gmt":"2026-03-08T21:37:10","guid":{"rendered":"https:\/\/encuentroinformativo.com.mx\/?p=75519"},"modified":"2026-03-08T15:37:10","modified_gmt":"2026-03-08T21:37:10","slug":"la-veracruzana-conocida-como-la-voz-de-oro-recibe-reconocimiento-del-dia-de-la-mujer","status":"publish","type":"post","link":"https:\/\/encuentroinformativo.com.mx\/?p=75519","title":{"rendered":"La veracruzana conocida como \u201cLa Voz de Oro\u201d recibe reconocimiento del D\u00eda de la Mujer"},"content":{"rendered":"<p><strong>Alejandro \u00c1vila<\/strong><\/p>\n<p>Veracruz, Ver.- La veracruzana, Claudia Men\u00e9ndez, conocida como &#8220;La Voz de Oro&#8221; fue reconocida en el D\u00eda Internacional de la Mujer.<\/p>\n<p>En el marco del Foro Internacional de Mujer 2026, realizado en el emblem\u00e1tico Teatro Francisco Javier Clavijero, donde la llamada \u201cVoz de Oro\u201d fue condecorada por su exitosa trayectoria art\u00edstica ante las Diplom\u00e1ticas de Palestina, Jamaica, Honduras, Sud\u00e1frica, Per\u00fa y la Embajadora de la Paz Mundial por la Organizaci\u00f3n de las Naciones Unidas (ONU), Mar\u00eda del Carmen Gonz\u00e1lez Camacho.<\/p>\n<p>\u201cMe siento muy complacida, feliz de que me sea entregado este reconocimiento en el marco de una celebraci\u00f3n muy importante del D\u00eda Internacional de la Mujer (\u2026) Son tiempos de mujeres y eso el mundo lo sabe (\u2026) Este reconocimiento no s\u00f3lo es m\u00edo, tambi\u00e9n de mi esposo, de mis hijos, mi familia y del p\u00fablico que me sigue a trav\u00e9s de la m\u00fasica\u201d, coment\u00f3 emocionada Claudia Men\u00e9ndez.<\/p>\n<p>Asimismo, la int\u00e9rprete expres\u00f3 su agradecimiento a la maestra Lupita Ordaz, coordinadora general del Foro Internacional de la Mujer y directora general de Go Producciones por esta distinci\u00f3n.<\/p>\n<p>Para finalizar, Claudia Men\u00e9ndez adelant\u00f3 que vienen muchas cosas buenas para su carrera como cantante, nuevas canciones, videos, shows; as\u00ed como un concierto que ser\u00e1 memorable.<\/p>\n<p>En dicho Foro Internacional de la Mujer se cont\u00f3 con la presencia de presidentas nacionales de organismos empresariales, as\u00ed como las embajadoras de Palestina, Jamaica, Honduras, Sud\u00e1frica, Per\u00fa y la Embajadora de la Paz Mundial por la Organizaci\u00f3n de las Naciones Unidas (ONU), Mar\u00eda del Carmen Gonz\u00e1lez Camacho, reconociendo a otras mujeres destacadas por su labor en Veracruz.<\/p>\n","protected":false},"excerpt":{"rendered":"<p>Alejandro \u00c1vila Veracruz, Ver.- La veracruzana, Claudia Men\u00e9ndez, conocida como &#8220;La Voz de Oro&#8221; fue reconocida en el D\u00eda Internacional de la Mujer. En el marco del Foro Internacional de Mujer 2026, realizado en el emblem\u00e1tico Teatro Francisco Javier Clavijero, donde la llamada \u201cVoz de Oro\u201d fue condecorada por su exitosa trayectoria art\u00edstica ante las [&hellip;]<\/p>\n","protected":false},"author":2476,"featured_media":75522,"comment_status":"open","ping_status":"open","sticky":false,"template":"","format":"standard","meta":{"_jetpack_memberships_contains_paid_content":false,"footnotes":""},"categories":[2],"tags":[],"class_list":["post-75519","post","type-post","status-publish","format-standard","has-post-thumbnail","hentry","category-estado"],"jetpack_featured_media_url":"https:\/\/encuentroinformativo.com.mx\/wp-content\/uploads\/2026\/03\/IMG-20260308-WA01383.jpg","jetpack_sharing_enabled":true,"jetpack_likes_enabled":true,"amp_enabled":true,"_links":{"self":[{"href":"https:\/\/encuentroinformativo.com.mx\/index.php?rest_route=\/wp\/v2\/posts\/75519","targetHints":{"allow":["GET"]}}],"collection":[{"href":"https:\/\/encuentroinformativo.com.mx\/index.php?rest_route=\/wp\/v2\/posts"}],"about":[{"href":"https:\/\/encuentroinformativo.com.mx\/index.php?rest_route=\/wp\/v2\/types\/post"}],"author":[{"embeddable":true,"href":"https:\/\/encuentroinformativo.com.mx\/index.php?rest_route=\/wp\/v2\/users\/2476"}],"replies":[{"embeddable":true,"href":"https:\/\/encuentroinformativo.com.mx\/index.php?rest_route=%2Fwp%2Fv2%2Fcomments&post=75519"}],"version-history":[{"count":1,"href":"https:\/\/encuentroinformativo.com.mx\/index.php?rest_route=\/wp\/v2\/posts\/75519\/revisions"}],"predecessor-version":[{"id":75521,"href":"https:\/\/encuentroinformativo.com.mx\/index.php?rest_route=\/wp\/v2\/posts\/75519\/revisions\/75521"}],"wp:featuredmedia":[{"embeddable":true,"href":"https:\/\/encuentroinformativo.com.mx\/index.php?rest_route=\/wp\/v2\/media\/75522"}],"wp:attachment":[{"href":"https:\/\/encuentroinformativo.com.mx\/index.php?rest_route=%2Fwp%2Fv2%2Fmedia&parent=75519"}],"wp:term":[{"taxonomy":"category","embeddable":true,"href":"https:\/\/encuentroinformativo.com.mx\/index.php?rest_route=%2Fwp%2Fv2%2Fcategories&post=75519"},{"taxonomy":"post_tag","embeddable":true,"href":"https:\/\/encuentroinformativo.com.mx\/index.php?rest_route=%2Fwp%2Fv2%2Ftags&post=75519"}],"curies":[{"name":"wp","href":"https:\/\/api.w.org\/{rel}","templated":true}]}}