{"id":75528,"date":"2026-03-08T16:58:10","date_gmt":"2026-03-08T22:58:10","guid":{"rendered":"https:\/\/encuentroinformativo.com.mx\/?p=75528"},"modified":"2026-03-08T16:58:10","modified_gmt":"2026-03-08T22:58:10","slug":"con-mercadita-promueven-economia-entre-mujeres","status":"publish","type":"post","link":"https:\/\/encuentroinformativo.com.mx\/?p=75528","title":{"rendered":"Con &#8220;mercadita&#8221; promueven econom\u00eda entre mujeres"},"content":{"rendered":"<p><strong>Dar\u00edo Pale<\/strong><\/p>\n<p>Xalapa, Ver.- En el marco del D\u00eda Internacional de la Mujer, mujeres emprendedoras instalaron una \u201cmercadita\u201d previo a la marcha feminista en el centro de Xalapa, con el objetivo de impulsar la econom\u00eda entre mujeres y generar un espacio de encuentro antes de la movilizaci\u00f3n.<\/p>\n<p>La promotora de lectura y activista feminista, Ana Valderrama, explic\u00f3 que esta actividad consiste en una vendimia que se realiza aproximadamente durante una hora y media antes de que inicie la marcha.<\/p>\n<p>\u201cSomos mujeres en su mayor\u00eda que emprendemos, ya sea todos los d\u00edas o que aprovechamos este d\u00eda para traer ag\u00fcita, cafecito y otros productos\u201d, se\u00f1al\u00f3.<\/p>\n<p>Indic\u00f3 que este tipo de iniciativas buscan visibilizar la importancia de la activaci\u00f3n econ\u00f3mica de las mujeres, no solo durante esta fecha conmemorativa, sino de manera permanente.<\/p>\n<p>Las participantes tambi\u00e9n destacaron que la actividad forma parte de la apropiaci\u00f3n del espacio p\u00fablico por parte de las mujeres, previo a la movilizaci\u00f3n que partir\u00eda alrededor de las 16:00 horas hacia la llamada Plaza Regina, nombre con el que colectivos feministas identifican ese punto en memoria de v\u00edctimas de violencia de g\u00e9nero.<\/p>\n<p>Valderrama explic\u00f3 que adem\u00e1s de participar en la organizaci\u00f3n de la vendimia, acudi\u00f3 como promotora de lectura con su proyecto \u201cAves y Moras\u201d, iniciativa dedicada al fomento de la lectura y a actividades de creaci\u00f3n con mu\u00f1ecas artesanales.<\/p>\n<p>En el lugar tambi\u00e9n se instalaron espacios informativos de colectivos, entre ellos un stand de sobrevivientes de feminicidio, donde se brind\u00f3 informaci\u00f3n y acompa\u00f1amiento a mujeres que han vivido situaciones de violencia.<\/p>\n<p>Sobre la situaci\u00f3n de la violencia feminicida en el estado, la activista consider\u00f3 que a\u00fan es pronto para evaluar las acciones del actual gobierno estatal encabezado por Norma Roc\u00edo Nahle Garc\u00eda, al se\u00f1alar que el inicio de una administraci\u00f3n suele implicar reacomodos institucionales.<\/p>\n<p>No obstante, indic\u00f3 que las instituciones de procuraci\u00f3n de justicia a\u00fan enfrentan rezagos importantes en la atenci\u00f3n de casos de violencia contra las mujeres y feminicidio.<\/p>\n<p>Asimismo, se\u00f1al\u00f3 que desde colectivos feministas en Veracruz se ha impulsado una reforma conocida como \u201cLey Orop\u00e9ndola\u201d, que busca fortalecer el valor del testimonio de las mujeres sobrevivientes de intento de feminicidio dentro de los procesos judiciales.<\/p>\n<p>Finalmente, subray\u00f3 que uno de los principales retos sigue siendo el reconocimiento pleno de las mujeres que sobreviven a intentos de feminicidio, ya que muchas veces estos casos son clasificados bajo otros delitos, lo que dificulta su visibilizaci\u00f3n y atenci\u00f3n adecuada por parte de las autoridades.<\/p>\n","protected":false},"excerpt":{"rendered":"<p>Dar\u00edo Pale Xalapa, Ver.- En el marco del D\u00eda Internacional de la Mujer, mujeres emprendedoras instalaron una \u201cmercadita\u201d previo a la marcha feminista en el centro de Xalapa, con el objetivo de impulsar la econom\u00eda entre mujeres y generar un espacio de encuentro antes de la movilizaci\u00f3n. La promotora de lectura y activista feminista, Ana [&hellip;]<\/p>\n","protected":false},"author":2476,"featured_media":75529,"comment_status":"open","ping_status":"open","sticky":false,"template":"","format":"standard","meta":{"_jetpack_memberships_contains_paid_content":false,"footnotes":""},"categories":[3],"tags":[],"class_list":["post-75528","post","type-post","status-publish","format-standard","has-post-thumbnail","hentry","category-xalapa"],"jetpack_featured_media_url":"https:\/\/encuentroinformativo.com.mx\/wp-content\/uploads\/2026\/03\/IMG-20260308-WA0254.jpg","jetpack_sharing_enabled":true,"jetpack_likes_enabled":true,"amp_enabled":true,"_links":{"self":[{"href":"https:\/\/encuentroinformativo.com.mx\/index.php?rest_route=\/wp\/v2\/posts\/75528","targetHints":{"allow":["GET"]}}],"collection":[{"href":"https:\/\/encuentroinformativo.com.mx\/index.php?rest_route=\/wp\/v2\/posts"}],"about":[{"href":"https:\/\/encuentroinformativo.com.mx\/index.php?rest_route=\/wp\/v2\/types\/post"}],"author":[{"embeddable":true,"href":"https:\/\/encuentroinformativo.com.mx\/index.php?rest_route=\/wp\/v2\/users\/2476"}],"replies":[{"embeddable":true,"href":"https:\/\/encuentroinformativo.com.mx\/index.php?rest_route=%2Fwp%2Fv2%2Fcomments&post=75528"}],"version-history":[{"count":2,"href":"https:\/\/encuentroinformativo.com.mx\/index.php?rest_route=\/wp\/v2\/posts\/75528\/revisions"}],"predecessor-version":[{"id":75531,"href":"https:\/\/encuentroinformativo.com.mx\/index.php?rest_route=\/wp\/v2\/posts\/75528\/revisions\/75531"}],"wp:featuredmedia":[{"embeddable":true,"href":"https:\/\/encuentroinformativo.com.mx\/index.php?rest_route=\/wp\/v2\/media\/75529"}],"wp:attachment":[{"href":"https:\/\/encuentroinformativo.com.mx\/index.php?rest_route=%2Fwp%2Fv2%2Fmedia&parent=75528"}],"wp:term":[{"taxonomy":"category","embeddable":true,"href":"https:\/\/encuentroinformativo.com.mx\/index.php?rest_route=%2Fwp%2Fv2%2Fcategories&post=75528"},{"taxonomy":"post_tag","embeddable":true,"href":"https:\/\/encuentroinformativo.com.mx\/index.php?rest_route=%2Fwp%2Fv2%2Ftags&post=75528"}],"curies":[{"name":"wp","href":"https:\/\/api.w.org\/{rel}","templated":true}]}}