{"id":75535,"date":"2026-03-09T12:24:06","date_gmt":"2026-03-09T18:24:06","guid":{"rendered":"https:\/\/encuentroinformativo.com.mx\/?p=75535"},"modified":"2026-03-09T12:24:06","modified_gmt":"2026-03-09T18:24:06","slug":"gestiona-gobernadora-construccion-de-crit-en-minatitlan","status":"publish","type":"post","link":"https:\/\/encuentroinformativo.com.mx\/?p=75535","title":{"rendered":"Gestiona Gobernadora construcci\u00f3n de CRIT en Minatitl\u00e1n"},"content":{"rendered":"<p><strong>Dar\u00edo Pale<\/strong><\/p>\n<p>Xalapa, Ver.- La gobernadora de Veracruz, Roc\u00edo Nahle Garc\u00eda, inform\u00f3 que este lunes sostendr\u00e1 una reuni\u00f3n en la Ciudad de M\u00e9xico con directivos de la Fundaci\u00f3n Telet\u00f3n para gestionar la instalaci\u00f3n de un nuevo Centro de Rehabilitaci\u00f3n e Inclusi\u00f3n Infantil Telet\u00f3n (CRIT) en el municipio de Minatitl\u00e1n.<\/p>\n<p>La mandataria estatal explic\u00f3 que desde temprana hora se encuentra en la capital del pa\u00eds para participar en diversas reuniones de trabajo, entre ellas el encuentro con el director general de Telet\u00f3n, al que tambi\u00e9n asistir\u00e1 el presidente municipal de Minatitl\u00e1n.<\/p>\n<p>\u201cEstoy en la Ciudad de M\u00e9xico desde temprano, tengo varias reuniones importantes y una de ellas m\u00e1s tarde ser\u00e1 con el director de Telet\u00f3n, porque nosotros solicitamos hace meses que quer\u00edamos otro CRIT, un centro de rehabilitaci\u00f3n como el que tenemos en Poza Rica, que es excelente y que ayuda much\u00edsimo a nuestros ni\u00f1os, ni\u00f1as y j\u00f3venes\u201d, expres\u00f3.<\/p>\n<p>Nahle Garc\u00eda se\u00f1al\u00f3 que la solicitud para instalar un nuevo centro fue presentada desde el a\u00f1o pasado, con la intenci\u00f3n de ampliar la cobertura de atenci\u00f3n para personas con discapacidad en la regi\u00f3n sur del estado.<\/p>\n<p style=\"text-align: center;\"><strong>Atenci\u00f3n para el sur de Veracruz y el Istmo<\/strong><\/p>\n<p>La gobernadora detall\u00f3 que el proyecto contempla que el CRIT se ubique en Minatitl\u00e1n, municipio que ya cuenta con un terreno disponible para el desarrollo de la infraestructura necesaria.<\/p>\n<p>\u201cMinatitl\u00e1n tiene un terreno disponible, entonces vamos a hablar de las condiciones y a hacer ofrecimientos. Hoy tendremos la reuni\u00f3n, el presidente municipal de Minatitl\u00e1n y una servidora con el director general de Telet\u00f3n\u201d, explic\u00f3.<\/p>\n<p>El nuevo centro permitir\u00eda brindar servicios de rehabilitaci\u00f3n a habitantes de distintas zonas del sur de Veracruz, entre ellas municipios de Los Tuxtlas, parte de la Cuenca del Papaloapan y la regi\u00f3n de Las Choapas.<\/p>\n<p>Adem\u00e1s, la mandataria plante\u00f3 que el proyecto tenga un enfoque regional que tambi\u00e9n beneficie a comunidades del Istmo de Tehuantepec.<\/p>\n<p>\u201cIncluso yo suger\u00ed que fuera un CRIT del Istmo, no solamente del sur de Veracruz, para que tambi\u00e9n pueda apoyar a nuestros hermanos oaxaque\u00f1os que lo requieran, de lugares como Juchit\u00e1n de Zaragoza, Mat\u00edas Romero o Salina Cruz\u201d, coment\u00f3.<\/p>\n<p style=\"text-align: center;\"><strong>Infraestructura de rehabilitaci\u00f3n en el estado<\/strong><\/p>\n<p>La gobernadora record\u00f3 que Veracruz ya cuenta con algunos centros de rehabilitaci\u00f3n que brindan atenci\u00f3n a personas con discapacidad; no obstante, reconoci\u00f3 que el sur del estado a\u00fan requiere fortalecer su cobertura.<\/p>\n<p>Actualmente opera un CRIT en Poza Rica administrado por la Fundaci\u00f3n Telet\u00f3n, adem\u00e1s de dos centros CRIVER: uno en Xalapa operado por el DIF estatal y otro en Veracruz que es gestionado por una asociaci\u00f3n civil.<\/p>\n<p>La instalaci\u00f3n de un nuevo CRIT en Minatitl\u00e1n permitir\u00eda ampliar los servicios de rehabilitaci\u00f3n para ni\u00f1as, ni\u00f1os y j\u00f3venes con discapacidad en el sur de la entidad y regiones cercanas.<\/p>\n","protected":false},"excerpt":{"rendered":"<p>Dar\u00edo Pale Xalapa, Ver.- La gobernadora de Veracruz, Roc\u00edo Nahle Garc\u00eda, inform\u00f3 que este lunes sostendr\u00e1 una reuni\u00f3n en la Ciudad de M\u00e9xico con directivos de la Fundaci\u00f3n Telet\u00f3n para gestionar la instalaci\u00f3n de un nuevo Centro de Rehabilitaci\u00f3n e Inclusi\u00f3n Infantil Telet\u00f3n (CRIT) en el municipio de Minatitl\u00e1n. La mandataria estatal explic\u00f3 que desde [&hellip;]<\/p>\n","protected":false},"author":2476,"featured_media":68651,"comment_status":"open","ping_status":"open","sticky":false,"template":"","format":"standard","meta":{"_jetpack_memberships_contains_paid_content":false,"footnotes":""},"categories":[2],"tags":[],"class_list":["post-75535","post","type-post","status-publish","format-standard","has-post-thumbnail","hentry","category-estado"],"jetpack_featured_media_url":"https:\/\/encuentroinformativo.com.mx\/wp-content\/uploads\/2025\/06\/IMG-20250620-WA0019-scaled.jpg","jetpack_sharing_enabled":true,"jetpack_likes_enabled":true,"amp_enabled":true,"_links":{"self":[{"href":"https:\/\/encuentroinformativo.com.mx\/index.php?rest_route=\/wp\/v2\/posts\/75535","targetHints":{"allow":["GET"]}}],"collection":[{"href":"https:\/\/encuentroinformativo.com.mx\/index.php?rest_route=\/wp\/v2\/posts"}],"about":[{"href":"https:\/\/encuentroinformativo.com.mx\/index.php?rest_route=\/wp\/v2\/types\/post"}],"author":[{"embeddable":true,"href":"https:\/\/encuentroinformativo.com.mx\/index.php?rest_route=\/wp\/v2\/users\/2476"}],"replies":[{"embeddable":true,"href":"https:\/\/encuentroinformativo.com.mx\/index.php?rest_route=%2Fwp%2Fv2%2Fcomments&post=75535"}],"version-history":[{"count":1,"href":"https:\/\/encuentroinformativo.com.mx\/index.php?rest_route=\/wp\/v2\/posts\/75535\/revisions"}],"predecessor-version":[{"id":75536,"href":"https:\/\/encuentroinformativo.com.mx\/index.php?rest_route=\/wp\/v2\/posts\/75535\/revisions\/75536"}],"wp:featuredmedia":[{"embeddable":true,"href":"https:\/\/encuentroinformativo.com.mx\/index.php?rest_route=\/wp\/v2\/media\/68651"}],"wp:attachment":[{"href":"https:\/\/encuentroinformativo.com.mx\/index.php?rest_route=%2Fwp%2Fv2%2Fmedia&parent=75535"}],"wp:term":[{"taxonomy":"category","embeddable":true,"href":"https:\/\/encuentroinformativo.com.mx\/index.php?rest_route=%2Fwp%2Fv2%2Fcategories&post=75535"},{"taxonomy":"post_tag","embeddable":true,"href":"https:\/\/encuentroinformativo.com.mx\/index.php?rest_route=%2Fwp%2Fv2%2Ftags&post=75535"}],"curies":[{"name":"wp","href":"https:\/\/api.w.org\/{rel}","templated":true}]}}