{"id":75537,"date":"2026-03-09T12:54:23","date_gmt":"2026-03-09T18:54:23","guid":{"rendered":"https:\/\/encuentroinformativo.com.mx\/?p=75537"},"modified":"2026-03-09T12:54:23","modified_gmt":"2026-03-09T18:54:23","slug":"presentaran-iniciativa-de-ley-para-fortalecer-veracruzana-protegida","status":"publish","type":"post","link":"https:\/\/encuentroinformativo.com.mx\/?p=75537","title":{"rendered":"Presentar\u00e1n iniciativa de ley para fortalecer Veracruzana Protegida"},"content":{"rendered":"<p><strong>Dar\u00edo Pale<\/strong><\/p>\n<p>Xalapa, Ver.- La gobernadora de Veracruz, Roc\u00edo Nahle Garc\u00eda, destac\u00f3 los avances que han logrado las mujeres en la vida p\u00fablica y en el acceso a espacios de decisi\u00f3n, al tiempo que anunci\u00f3 que esta semana presentar\u00e1 una iniciativa de ley ante el Congreso del Estado de Veracruz para fortalecer el programa Veracruzana Protegida, enfocado en la atenci\u00f3n y protecci\u00f3n de mujeres en situaci\u00f3n de riesgo.<\/p>\n<p>Durante una entrevista radiof\u00f3nica, la mandataria estatal se\u00f1al\u00f3 que el D\u00eda Internacional de la Mujer es una fecha de gran relevancia para reconocer la lucha hist\u00f3rica de las mujeres y los avances alcanzados en distintos \u00e1mbitos.<\/p>\n<p>\u201cEs un d\u00eda muy importante a nivel mundial y por supuesto en M\u00e9xico y en Veracruz. Las mujeres tenemos que conmemorar este d\u00eda por el avance que hemos tenido en muchos renglones y tambi\u00e9n por la visibilidad que hemos logrado en la vida p\u00fablica\u201d, expres\u00f3.<\/p>\n<p>Nahle Garc\u00eda indic\u00f3 que las movilizaciones y manifestaciones realizadas en diversas partes del mundo forman parte de esa visibilizaci\u00f3n y del reclamo de igualdad, aunque subray\u00f3 que lo ideal es que estas expresiones se desarrollen de manera pac\u00edfica.<\/p>\n<p>\u201cLas mujeres salimos, exigimos, pedimos y somos visibles. Eso es bueno, siempre hay que hacerlo de la mejor manera: en paz, no a la violencia, porque justamente estamos en contra de la violencia hacia las mujeres\u201d, afirm\u00f3.<\/p>\n<p style=\"text-align: center;\"><strong>Actividades y nueva iniciativa<\/strong><\/p>\n<p>La gobernadora explic\u00f3 que en Veracruz se realizaron diversas actividades para conmemorar la fecha, desde eventos deportivos hasta actos oficiales organizados por el gobierno estatal.<\/p>\n<p>Entre ellas destac\u00f3 carreras atl\u00e9ticas y una concentraci\u00f3n encabezada por la administraci\u00f3n estatal, donde adem\u00e1s de reconocer la participaci\u00f3n y los logros de las mujeres se anunci\u00f3 la presentaci\u00f3n de una nueva iniciativa legislativa.<\/p>\n<p>Dicha propuesta buscar\u00e1 fortalecer la plataforma Veracruzana Protegida, un programa enfocado en brindar atenci\u00f3n inmediata a mujeres que enfrentan situaciones de violencia.<\/p>\n<p style=\"text-align: center;\"><strong>Municipios se suman al programa<\/strong><\/p>\n<p>Nahle Garc\u00eda indic\u00f3 que cada vez m\u00e1s municipios muestran inter\u00e9s en integrarse a esta estrategia de protecci\u00f3n, incluso algunos que inicialmente no hab\u00edan participado, como Boca del R\u00edo.<\/p>\n<p>Explic\u00f3 que recientemente se invit\u00f3 a autoridades municipales a conocer el proyecto y sumarse mediante convenios de colaboraci\u00f3n, respetando la autonom\u00eda de los ayuntamientos.<\/p>\n<p>\u201cEs sumar a todos los municipios, ojal\u00e1 todos participen. Les presentamos la iniciativa y si as\u00ed lo desean pueden integrarse a este convenio de colaboraci\u00f3n\u201d, se\u00f1al\u00f3.<\/p>\n<p style=\"text-align: center;\"><strong>Atenci\u00f3n inmediata a mujeres en riesgo<\/strong><\/p>\n<p>La gobernadora record\u00f3 que el programa Veracruzana Protegida incluye una aplicaci\u00f3n mediante la cual las mujeres pueden solicitar ayuda a trav\u00e9s de los n\u00fameros de emergencia 911 o 089 cuando se encuentran en riesgo.<\/p>\n<p>Una vez realizada la llamada, el sistema las conecta con un juez en l\u00ednea disponible las 24 horas del d\u00eda, quien puede emitir medidas de protecci\u00f3n de manera inmediata sin que la v\u00edctima tenga que acudir primero a presentar una denuncia ante el Ministerio P\u00fablico.<\/p>\n<p>\u201cEn menos de 10 minutos llega una patrulla al lugar donde est\u00e1 la mujer que solicit\u00f3 apoyo para resguardarla\u201d, explic\u00f3.<\/p>\n<p>Durante el a\u00f1o pasado, el programa registr\u00f3 m\u00e1s de 2 mil 400 llamadas de mujeres que solicitaron ayuda, cifra que, seg\u00fan la gobernadora, refleja el valor de las v\u00edctimas para romper el silencio y buscar protecci\u00f3n.<\/p>\n<p>Prevenci\u00f3n del feminicidio<\/p>\n<p>La mandataria se\u00f1al\u00f3 que este tipo de mecanismos tambi\u00e9n funcionan como una medida preventiva frente al feminicidio, delito que en la mayor\u00eda de los casos es cometido por personas cercanas a la v\u00edctima.<\/p>\n<p>\u201cArriba del 95 por ciento de los casos el agresor es una persona cercana, ya sea el c\u00f3nyuge o alguien muy pr\u00f3ximo. Cuando las mujeres piden ayuda tambi\u00e9n se logra protegerlas y detener a los agresores\u201d, afirm\u00f3.<\/p>\n<p>Finalmente, Roc\u00edo Nahle asegur\u00f3 que en el \u00faltimo a\u00f1o Veracruz registr\u00f3 el \u00edndice m\u00e1s bajo en este delito, por lo que su administraci\u00f3n continuar\u00e1 fortaleciendo las acciones de prevenci\u00f3n y protecci\u00f3n para garantizar la seguridad de las mujeres en la entidad.<\/p>\n<p>&nbsp;<\/p>\n","protected":false},"excerpt":{"rendered":"<p>Dar\u00edo Pale Xalapa, Ver.- La gobernadora de Veracruz, Roc\u00edo Nahle Garc\u00eda, destac\u00f3 los avances que han logrado las mujeres en la vida p\u00fablica y en el acceso a espacios de decisi\u00f3n, al tiempo que anunci\u00f3 que esta semana presentar\u00e1 una iniciativa de ley ante el Congreso del Estado de Veracruz para fortalecer el programa Veracruzana [&hellip;]<\/p>\n","protected":false},"author":2476,"featured_media":75538,"comment_status":"open","ping_status":"open","sticky":false,"template":"","format":"standard","meta":{"_jetpack_memberships_contains_paid_content":false,"footnotes":""},"categories":[2],"tags":[],"class_list":["post-75537","post","type-post","status-publish","format-standard","has-post-thumbnail","hentry","category-estado"],"jetpack_featured_media_url":"https:\/\/encuentroinformativo.com.mx\/wp-content\/uploads\/2026\/03\/IMG-20260309-WA0117.jpg","jetpack_sharing_enabled":true,"jetpack_likes_enabled":true,"amp_enabled":true,"_links":{"self":[{"href":"https:\/\/encuentroinformativo.com.mx\/index.php?rest_route=\/wp\/v2\/posts\/75537","targetHints":{"allow":["GET"]}}],"collection":[{"href":"https:\/\/encuentroinformativo.com.mx\/index.php?rest_route=\/wp\/v2\/posts"}],"about":[{"href":"https:\/\/encuentroinformativo.com.mx\/index.php?rest_route=\/wp\/v2\/types\/post"}],"author":[{"embeddable":true,"href":"https:\/\/encuentroinformativo.com.mx\/index.php?rest_route=\/wp\/v2\/users\/2476"}],"replies":[{"embeddable":true,"href":"https:\/\/encuentroinformativo.com.mx\/index.php?rest_route=%2Fwp%2Fv2%2Fcomments&post=75537"}],"version-history":[{"count":1,"href":"https:\/\/encuentroinformativo.com.mx\/index.php?rest_route=\/wp\/v2\/posts\/75537\/revisions"}],"predecessor-version":[{"id":75539,"href":"https:\/\/encuentroinformativo.com.mx\/index.php?rest_route=\/wp\/v2\/posts\/75537\/revisions\/75539"}],"wp:featuredmedia":[{"embeddable":true,"href":"https:\/\/encuentroinformativo.com.mx\/index.php?rest_route=\/wp\/v2\/media\/75538"}],"wp:attachment":[{"href":"https:\/\/encuentroinformativo.com.mx\/index.php?rest_route=%2Fwp%2Fv2%2Fmedia&parent=75537"}],"wp:term":[{"taxonomy":"category","embeddable":true,"href":"https:\/\/encuentroinformativo.com.mx\/index.php?rest_route=%2Fwp%2Fv2%2Fcategories&post=75537"},{"taxonomy":"post_tag","embeddable":true,"href":"https:\/\/encuentroinformativo.com.mx\/index.php?rest_route=%2Fwp%2Fv2%2Ftags&post=75537"}],"curies":[{"name":"wp","href":"https:\/\/api.w.org\/{rel}","templated":true}]}}