{"id":75540,"date":"2026-03-09T13:08:27","date_gmt":"2026-03-09T19:08:27","guid":{"rendered":"https:\/\/encuentroinformativo.com.mx\/?p=75540"},"modified":"2026-03-09T13:08:27","modified_gmt":"2026-03-09T19:08:27","slug":"rescatan-a-cachorro-atrapado-en-lirio-del-arroyo-moreno","status":"publish","type":"post","link":"https:\/\/encuentroinformativo.com.mx\/?p=75540","title":{"rendered":"Rescatan a cachorro atrapado en lirio del Arroyo Moreno"},"content":{"rendered":"<p><strong>Alejandro \u00c1vila<\/strong><\/p>\n<p>Medell\u00edn de Bravo, Ver.- Elementos de Protecci\u00f3n Civil del municipio de Medell\u00edn de Bravo rescataron a un cachorro que hab\u00eda sido abandonado y tirado en el Arroyo Moreno, mismo que se encontraba Atrapado entre el lirio.<\/p>\n<p>El avistamiento de la mascota se dio por parte de personal de la direcci\u00f3n de Imagen Urbana quienes se encontraban realizando labores de mantenimiento y pintura en guarniciones de la zona; al percatarse del ladrido del cachorro dieron aviso inmediatamente al personal de Protecci\u00f3n Civil.<\/p>\n<p>Una vez rescatada, la cachorrita de aproximadamente dos meses de edad fue trasladada a la cl\u00ednica veterinaria Patitas Traviesas, donde recibi\u00f3 atenci\u00f3n m\u00e9dica para valorar su estado de salud y se le administraron los medicamentos correspondientes.<\/p>\n<p>Durante la revisi\u00f3n, se observ\u00f3 que la perrita presentaba amputaci\u00f3n de la colita, situaci\u00f3n que hace presumir que pudo haber sido v\u00edctima de maltrato.<\/p>\n<p>Ante estos hechos, la Jefatura de Ecolog\u00eda del Ayuntamiento de Medell\u00edn de Bravo, encabezada por Karina Arroniz, inform\u00f3 que se iniciar\u00e1 la investigaci\u00f3n correspondiente para tratar de localizar a los responsables y esclarecer las condiciones en las que se encontraba el animal.<\/p>\n<p><img loading=\"lazy\" decoding=\"async\" class=\"aligncenter size-medium wp-image-75542\" src=\"https:\/\/encuentroinformativo.com.mx\/wp-content\/uploads\/2026\/03\/IMG-20260309-WA0178-300x169.jpg\" alt=\"\" width=\"300\" height=\"169\" srcset=\"https:\/\/encuentroinformativo.com.mx\/wp-content\/uploads\/2026\/03\/IMG-20260309-WA0178-300x169.jpg 300w, https:\/\/encuentroinformativo.com.mx\/wp-content\/uploads\/2026\/03\/IMG-20260309-WA0178-1024x576.jpg 1024w, https:\/\/encuentroinformativo.com.mx\/wp-content\/uploads\/2026\/03\/IMG-20260309-WA0178-768x432.jpg 768w, https:\/\/encuentroinformativo.com.mx\/wp-content\/uploads\/2026\/03\/IMG-20260309-WA0178-1536x864.jpg 1536w, https:\/\/encuentroinformativo.com.mx\/wp-content\/uploads\/2026\/03\/IMG-20260309-WA0178.jpg 1600w\" sizes=\"auto, (max-width: 300px) 100vw, 300px\" \/><\/p>\n","protected":false},"excerpt":{"rendered":"<p>Alejandro \u00c1vila Medell\u00edn de Bravo, Ver.- Elementos de Protecci\u00f3n Civil del municipio de Medell\u00edn de Bravo rescataron a un cachorro que hab\u00eda sido abandonado y tirado en el Arroyo Moreno, mismo que se encontraba Atrapado entre el lirio. El avistamiento de la mascota se dio por parte de personal de la direcci\u00f3n de Imagen Urbana [&hellip;]<\/p>\n","protected":false},"author":2476,"featured_media":75541,"comment_status":"open","ping_status":"open","sticky":false,"template":"","format":"standard","meta":{"_jetpack_memberships_contains_paid_content":false,"footnotes":""},"categories":[2],"tags":[],"class_list":["post-75540","post","type-post","status-publish","format-standard","has-post-thumbnail","hentry","category-estado"],"jetpack_featured_media_url":"https:\/\/encuentroinformativo.com.mx\/wp-content\/uploads\/2026\/03\/IMG-20260309-WA0177.jpg","jetpack_sharing_enabled":true,"jetpack_likes_enabled":true,"amp_enabled":true,"_links":{"self":[{"href":"https:\/\/encuentroinformativo.com.mx\/index.php?rest_route=\/wp\/v2\/posts\/75540","targetHints":{"allow":["GET"]}}],"collection":[{"href":"https:\/\/encuentroinformativo.com.mx\/index.php?rest_route=\/wp\/v2\/posts"}],"about":[{"href":"https:\/\/encuentroinformativo.com.mx\/index.php?rest_route=\/wp\/v2\/types\/post"}],"author":[{"embeddable":true,"href":"https:\/\/encuentroinformativo.com.mx\/index.php?rest_route=\/wp\/v2\/users\/2476"}],"replies":[{"embeddable":true,"href":"https:\/\/encuentroinformativo.com.mx\/index.php?rest_route=%2Fwp%2Fv2%2Fcomments&post=75540"}],"version-history":[{"count":1,"href":"https:\/\/encuentroinformativo.com.mx\/index.php?rest_route=\/wp\/v2\/posts\/75540\/revisions"}],"predecessor-version":[{"id":75543,"href":"https:\/\/encuentroinformativo.com.mx\/index.php?rest_route=\/wp\/v2\/posts\/75540\/revisions\/75543"}],"wp:featuredmedia":[{"embeddable":true,"href":"https:\/\/encuentroinformativo.com.mx\/index.php?rest_route=\/wp\/v2\/media\/75541"}],"wp:attachment":[{"href":"https:\/\/encuentroinformativo.com.mx\/index.php?rest_route=%2Fwp%2Fv2%2Fmedia&parent=75540"}],"wp:term":[{"taxonomy":"category","embeddable":true,"href":"https:\/\/encuentroinformativo.com.mx\/index.php?rest_route=%2Fwp%2Fv2%2Fcategories&post=75540"},{"taxonomy":"post_tag","embeddable":true,"href":"https:\/\/encuentroinformativo.com.mx\/index.php?rest_route=%2Fwp%2Fv2%2Ftags&post=75540"}],"curies":[{"name":"wp","href":"https:\/\/api.w.org\/{rel}","templated":true}]}}