{"id":75547,"date":"2026-03-09T15:09:23","date_gmt":"2026-03-09T21:09:23","guid":{"rendered":"https:\/\/encuentroinformativo.com.mx\/?p=75547"},"modified":"2026-03-09T15:09:23","modified_gmt":"2026-03-09T21:09:23","slug":"demandan-justicia-para-karen-por-presunto-caso-de-sustraccion-de-menor","status":"publish","type":"post","link":"https:\/\/encuentroinformativo.com.mx\/?p=75547","title":{"rendered":"Demandan justicia para Karen, por presunto caso de sustracci\u00f3n de menor"},"content":{"rendered":"<p><strong>Dar\u00edo Pale<\/strong><\/p>\n<p>Xalapa, Ver.- Integrantes de la Uni\u00f3n Nacional de Trabajadores Agr\u00edcolas (UNTA) se manifestaron para exigir justicia en el caso de Karen, una mujer originaria de Tlaltetela, quien desde hace casi dos a\u00f1os no ha podido ver a su hija luego de que, seg\u00fan denunciaron, la menor fuera sustra\u00edda de sus brazos.<\/p>\n<p>Durante la protesta, Ang\u00e9lica Torres Carri\u00f3n explic\u00f3 que el caso ocurri\u00f3 el 31 de mayo de 2023, cuando la ni\u00f1a, que en ese momento ten\u00eda apenas seis meses de edad, fue separada de su madre.<\/p>\n<p>\u201cTenemos un caso de una sustracci\u00f3n de menores desde hace dos a\u00f1os y no nos dan respuesta. Queremos justicia para Karen, es lo que estamos pidiendo\u201d, expres\u00f3.<\/p>\n<p>La manifestante se\u00f1al\u00f3 que, desde que ocurri\u00f3 el hecho, se interpuso una denuncia para que la menor fuera devuelta a su madre; sin embargo, afirm\u00f3 que hasta ahora no han logrado que se permita siquiera verla.<\/p>\n<p>\u201cPr\u00e1cticamente es un secuestro de una menor. Queremos justicia, eso es lo que exigimos. Llevamos dos a\u00f1os tocando puertas y no hay respuestas\u201d, sostuvo.<\/p>\n<p style=\"text-align: center;\"><strong>Audiencia por el caso<\/strong><\/p>\n<p>De acuerdo con Torres Carri\u00f3n, este lunes se tiene programada una audiencia oral relacionada con el caso, por lo que familiares y simpatizantes acudieron a manifestarse para exigir que el proceso avance y se haga justicia.<\/p>\n<p>Indic\u00f3 que la situaci\u00f3n se origin\u00f3 presuntamente por un conflicto con el padre de la menor, a quien acus\u00f3 de actuar por venganza contra la madre de la ni\u00f1a.<\/p>\n<p>\u201cQueremos que realmente haya justicia para Karen y para su hija, a quien le arrancaron de los brazos cuando ten\u00eda seis meses\u201d, afirm\u00f3.<\/p>\n<p style=\"text-align: center;\"><strong>Dos a\u00f1os sin contacto con la menor<\/strong><\/p>\n<p>La manifestante asegur\u00f3 que desde el momento en que ocurri\u00f3 la sustracci\u00f3n no han podido tener contacto con la ni\u00f1a, lo que ha provocado angustia en la familia.<\/p>\n<p>Debido a que el proceso judicial sigue en curso, dijo que no pueden proporcionar m\u00e1s detalles para evitar afectar el desarrollo del juicio.<\/p>\n<p>Finalmente, reiter\u00f3 el llamado a las autoridades para que el caso avance y se garantice el derecho de la menor y de su madre a mantener contacto, as\u00ed como a que se esclarezcan los hechos.<\/p>\n","protected":false},"excerpt":{"rendered":"<p>Dar\u00edo Pale Xalapa, Ver.- Integrantes de la Uni\u00f3n Nacional de Trabajadores Agr\u00edcolas (UNTA) se manifestaron para exigir justicia en el caso de Karen, una mujer originaria de Tlaltetela, quien desde hace casi dos a\u00f1os no ha podido ver a su hija luego de que, seg\u00fan denunciaron, la menor fuera sustra\u00edda de sus brazos. Durante la [&hellip;]<\/p>\n","protected":false},"author":2476,"featured_media":75548,"comment_status":"open","ping_status":"open","sticky":false,"template":"","format":"standard","meta":{"_jetpack_memberships_contains_paid_content":false,"footnotes":""},"categories":[8],"tags":[],"class_list":["post-75547","post","type-post","status-publish","format-standard","has-post-thumbnail","hentry","category-region"],"jetpack_featured_media_url":"https:\/\/encuentroinformativo.com.mx\/wp-content\/uploads\/2026\/03\/IMG-20260309-WA0168.jpg","jetpack_sharing_enabled":true,"jetpack_likes_enabled":true,"amp_enabled":true,"_links":{"self":[{"href":"https:\/\/encuentroinformativo.com.mx\/index.php?rest_route=\/wp\/v2\/posts\/75547","targetHints":{"allow":["GET"]}}],"collection":[{"href":"https:\/\/encuentroinformativo.com.mx\/index.php?rest_route=\/wp\/v2\/posts"}],"about":[{"href":"https:\/\/encuentroinformativo.com.mx\/index.php?rest_route=\/wp\/v2\/types\/post"}],"author":[{"embeddable":true,"href":"https:\/\/encuentroinformativo.com.mx\/index.php?rest_route=\/wp\/v2\/users\/2476"}],"replies":[{"embeddable":true,"href":"https:\/\/encuentroinformativo.com.mx\/index.php?rest_route=%2Fwp%2Fv2%2Fcomments&post=75547"}],"version-history":[{"count":1,"href":"https:\/\/encuentroinformativo.com.mx\/index.php?rest_route=\/wp\/v2\/posts\/75547\/revisions"}],"predecessor-version":[{"id":75549,"href":"https:\/\/encuentroinformativo.com.mx\/index.php?rest_route=\/wp\/v2\/posts\/75547\/revisions\/75549"}],"wp:featuredmedia":[{"embeddable":true,"href":"https:\/\/encuentroinformativo.com.mx\/index.php?rest_route=\/wp\/v2\/media\/75548"}],"wp:attachment":[{"href":"https:\/\/encuentroinformativo.com.mx\/index.php?rest_route=%2Fwp%2Fv2%2Fmedia&parent=75547"}],"wp:term":[{"taxonomy":"category","embeddable":true,"href":"https:\/\/encuentroinformativo.com.mx\/index.php?rest_route=%2Fwp%2Fv2%2Fcategories&post=75547"},{"taxonomy":"post_tag","embeddable":true,"href":"https:\/\/encuentroinformativo.com.mx\/index.php?rest_route=%2Fwp%2Fv2%2Ftags&post=75547"}],"curies":[{"name":"wp","href":"https:\/\/api.w.org\/{rel}","templated":true}]}}