{"id":75553,"date":"2026-03-09T15:19:47","date_gmt":"2026-03-09T21:19:47","guid":{"rendered":"https:\/\/encuentroinformativo.com.mx\/?p=75553"},"modified":"2026-03-09T15:19:47","modified_gmt":"2026-03-09T21:19:47","slug":"inicia-venta-de-boletos-para-el-concierto-de-myke-towers-en-veracruz","status":"publish","type":"post","link":"https:\/\/encuentroinformativo.com.mx\/?p=75553","title":{"rendered":"Inicia venta de boletos para el concierto de Myke Towers en Veracruz"},"content":{"rendered":"<p><strong>Alejandro \u00c1vila<\/strong><\/p>\n<p>Veracruz, Ver.- Se acab\u00f3 la espera para los fan\u00e1ticos del reggaet\u00f3n, a partir de este lunes 9 de marzo desde las 11 de la ma\u00f1ana dio inicio la venta de boletos para el concierto de Myke Towers en Veracruz.<\/p>\n<p>El concierto est\u00e1 programado para el pr\u00f3ximo s\u00e1bado 9 de mayo en el auditorio &#8220;Benito Ju\u00e1rez&#8221; donde el &#8220;young king&#8221; presentar\u00e1 el &#8220;M\u00e9xico Tour&#8221;.<\/p>\n<p>El puertorrique\u00f1o que ha colaborado con J Balvin, Anita, De La Ghetto, Arc\u00e1ngel y Bad Bunny, traer\u00e1 todo su repertorio musical para romper la tarima en el puerto de Veracruz.<\/p>\n<p>Cabe mencionar que, los boletos est\u00e1n disponibles a trav\u00e9s de la plataforma de la empresa S\u00faper Boletos.<\/p>\n","protected":false},"excerpt":{"rendered":"<p>Alejandro \u00c1vila Veracruz, Ver.- Se acab\u00f3 la espera para los fan\u00e1ticos del reggaet\u00f3n, a partir de este lunes 9 de marzo desde las 11 de la ma\u00f1ana dio inicio la venta de boletos para el concierto de Myke Towers en Veracruz. El concierto est\u00e1 programado para el pr\u00f3ximo s\u00e1bado 9 de mayo en el auditorio [&hellip;]<\/p>\n","protected":false},"author":2476,"featured_media":75554,"comment_status":"open","ping_status":"open","sticky":false,"template":"","format":"standard","meta":{"_jetpack_memberships_contains_paid_content":false,"footnotes":""},"categories":[2],"tags":[],"class_list":["post-75553","post","type-post","status-publish","format-standard","has-post-thumbnail","hentry","category-estado"],"jetpack_featured_media_url":"https:\/\/encuentroinformativo.com.mx\/wp-content\/uploads\/2026\/03\/IMG-20260309-WA0245.jpg","jetpack_sharing_enabled":true,"jetpack_likes_enabled":true,"amp_enabled":true,"_links":{"self":[{"href":"https:\/\/encuentroinformativo.com.mx\/index.php?rest_route=\/wp\/v2\/posts\/75553","targetHints":{"allow":["GET"]}}],"collection":[{"href":"https:\/\/encuentroinformativo.com.mx\/index.php?rest_route=\/wp\/v2\/posts"}],"about":[{"href":"https:\/\/encuentroinformativo.com.mx\/index.php?rest_route=\/wp\/v2\/types\/post"}],"author":[{"embeddable":true,"href":"https:\/\/encuentroinformativo.com.mx\/index.php?rest_route=\/wp\/v2\/users\/2476"}],"replies":[{"embeddable":true,"href":"https:\/\/encuentroinformativo.com.mx\/index.php?rest_route=%2Fwp%2Fv2%2Fcomments&post=75553"}],"version-history":[{"count":1,"href":"https:\/\/encuentroinformativo.com.mx\/index.php?rest_route=\/wp\/v2\/posts\/75553\/revisions"}],"predecessor-version":[{"id":75555,"href":"https:\/\/encuentroinformativo.com.mx\/index.php?rest_route=\/wp\/v2\/posts\/75553\/revisions\/75555"}],"wp:featuredmedia":[{"embeddable":true,"href":"https:\/\/encuentroinformativo.com.mx\/index.php?rest_route=\/wp\/v2\/media\/75554"}],"wp:attachment":[{"href":"https:\/\/encuentroinformativo.com.mx\/index.php?rest_route=%2Fwp%2Fv2%2Fmedia&parent=75553"}],"wp:term":[{"taxonomy":"category","embeddable":true,"href":"https:\/\/encuentroinformativo.com.mx\/index.php?rest_route=%2Fwp%2Fv2%2Fcategories&post=75553"},{"taxonomy":"post_tag","embeddable":true,"href":"https:\/\/encuentroinformativo.com.mx\/index.php?rest_route=%2Fwp%2Fv2%2Ftags&post=75553"}],"curies":[{"name":"wp","href":"https:\/\/api.w.org\/{rel}","templated":true}]}}