{"id":75561,"date":"2026-03-10T10:09:51","date_gmt":"2026-03-10T16:09:51","guid":{"rendered":"https:\/\/encuentroinformativo.com.mx\/?p=75561"},"modified":"2026-03-10T10:09:51","modified_gmt":"2026-03-10T16:09:51","slug":"con-bloqueos-padres-reclaman-conclusion-de-obras-en-kinder-morelos","status":"publish","type":"post","link":"https:\/\/encuentroinformativo.com.mx\/?p=75561","title":{"rendered":"Con bloqueos, padres reclaman conclusi\u00f3n de obras en kinder Morelos"},"content":{"rendered":"<p><strong>Dar\u00edo Pale<\/strong><\/p>\n<p>Xalapa, Ver.- Padres de familia del Jard\u00edn de Ni\u00f1os Morelos realizaron un bloqueo la ma\u00f1ana de este martes para exigir a las autoridades educativas que concluyan las obras de rehabilitaci\u00f3n del plantel, las cuales \u2014aseguran\u2014 debieron terminar desde hace varios meses.<\/p>\n<p>Natasha Vel\u00e1squez, una de las madres inconformes, explic\u00f3 que los trabajos iniciaron en septiembre del a\u00f1o pasado y se ten\u00eda previsto que concluyeran en aproximadamente dos meses; sin embargo, han pasado cerca de seis meses y hasta el momento no hay fecha para la entrega de la obra.<\/p>\n<p>\u201cDesde septiembre comenzaron los trabajos en el jard\u00edn y se supon\u00eda que durar\u00edan dos meses. Ya estamos en marzo y no hay para cu\u00e1ndo nos entreguen la obra. No hay un responsable claro y solo nos traen de un lado a otro\u201d, se\u00f1al\u00f3.<\/p>\n<p>Indic\u00f3 que durante este tiempo han solicitado informaci\u00f3n a las autoridades correspondientes, pero no han obtenido una respuesta concreta sobre el avance o la conclusi\u00f3n de los trabajos.<\/p>\n<p>De acuerdo con los padres de familia, las obras contemplaban trabajos de mantenimiento como pintura, impermeabilizaci\u00f3n y mejoras en la instalaci\u00f3n el\u00e9ctrica. No obstante, se\u00f1alaron que dentro del plantel existen al menos tres aulas catalogadas como de alto riesgo, sobre las cuales no se ha emitido un dictamen oficial.<\/p>\n<p>Vel\u00e1squez afirm\u00f3 que, pese a que personal de la Secretar\u00eda de Educaci\u00f3n deb\u00eda realizar una evaluaci\u00f3n t\u00e9cnica, nunca acudi\u00f3 el tercer acreditado para emitir un diagn\u00f3stico sobre dichas \u00e1reas.<\/p>\n<p>A causa del retraso en los trabajos, los estudiantes fueron reubicados temporalmente en otros planteles, entre ellos los jardines de ni\u00f1os Esperanza Osorio y Virginia, instituciones que \u2014dijeron\u2014 han brindado apoyo para que los menores contin\u00faen con sus clases.<\/p>\n<p>Sin embargo, esta situaci\u00f3n ha provocado que la matr\u00edcula escolar disminuya aproximadamente en un 20 por ciento.<\/p>\n<p>\u201cEstamos agradecidos con las escuelas que nos han abierto las puertas para que nuestros ni\u00f1os puedan tomar clases, pero lo que queremos es regresar a nuestro plantel y que tengan un espacio digno para su educaci\u00f3n\u201d, expres\u00f3.<\/p>\n<p>Durante la manifestaci\u00f3n, los inconformes se\u00f1alaron que la empresa encargada de la obra es Catver, mientras que el proyecto estar\u00eda relacionado con el \u00e1rea de Espacios Educativos.<\/p>\n<p>Al lugar tambi\u00e9n acudi\u00f3 el director de Educaci\u00f3n Municipal para dialogar con los manifestantes; sin embargo, los padres de familia aseguraron que est\u00e1n cansados de reuniones y oficios sin resultados.<\/p>\n<p>Los manifestantes advirtieron que no retirar\u00e1n el bloqueo hasta que alguna autoridad les brinde una soluci\u00f3n clara y una fecha concreta para la conclusi\u00f3n de la obra.<\/p>\n<p>\u201cExigimos que quien tenga que dar la cara lo haga y que nos den claridad sobre esta obra. Nuestros ni\u00f1os merecen un espacio digno para su formaci\u00f3n\u201d, concluy\u00f3 Vel\u00e1squez.<\/p>\n","protected":false},"excerpt":{"rendered":"<p>Dar\u00edo Pale Xalapa, Ver.- Padres de familia del Jard\u00edn de Ni\u00f1os Morelos realizaron un bloqueo la ma\u00f1ana de este martes para exigir a las autoridades educativas que concluyan las obras de rehabilitaci\u00f3n del plantel, las cuales \u2014aseguran\u2014 debieron terminar desde hace varios meses. Natasha Vel\u00e1squez, una de las madres inconformes, explic\u00f3 que los trabajos iniciaron [&hellip;]<\/p>\n","protected":false},"author":2476,"featured_media":75562,"comment_status":"open","ping_status":"open","sticky":false,"template":"","format":"standard","meta":{"_jetpack_memberships_contains_paid_content":false,"footnotes":""},"categories":[3],"tags":[],"class_list":["post-75561","post","type-post","status-publish","format-standard","has-post-thumbnail","hentry","category-xalapa"],"jetpack_featured_media_url":"https:\/\/encuentroinformativo.com.mx\/wp-content\/uploads\/2026\/03\/IMG-20260310-WA0096.jpg","jetpack_sharing_enabled":true,"jetpack_likes_enabled":true,"amp_enabled":true,"_links":{"self":[{"href":"https:\/\/encuentroinformativo.com.mx\/index.php?rest_route=\/wp\/v2\/posts\/75561","targetHints":{"allow":["GET"]}}],"collection":[{"href":"https:\/\/encuentroinformativo.com.mx\/index.php?rest_route=\/wp\/v2\/posts"}],"about":[{"href":"https:\/\/encuentroinformativo.com.mx\/index.php?rest_route=\/wp\/v2\/types\/post"}],"author":[{"embeddable":true,"href":"https:\/\/encuentroinformativo.com.mx\/index.php?rest_route=\/wp\/v2\/users\/2476"}],"replies":[{"embeddable":true,"href":"https:\/\/encuentroinformativo.com.mx\/index.php?rest_route=%2Fwp%2Fv2%2Fcomments&post=75561"}],"version-history":[{"count":1,"href":"https:\/\/encuentroinformativo.com.mx\/index.php?rest_route=\/wp\/v2\/posts\/75561\/revisions"}],"predecessor-version":[{"id":75563,"href":"https:\/\/encuentroinformativo.com.mx\/index.php?rest_route=\/wp\/v2\/posts\/75561\/revisions\/75563"}],"wp:featuredmedia":[{"embeddable":true,"href":"https:\/\/encuentroinformativo.com.mx\/index.php?rest_route=\/wp\/v2\/media\/75562"}],"wp:attachment":[{"href":"https:\/\/encuentroinformativo.com.mx\/index.php?rest_route=%2Fwp%2Fv2%2Fmedia&parent=75561"}],"wp:term":[{"taxonomy":"category","embeddable":true,"href":"https:\/\/encuentroinformativo.com.mx\/index.php?rest_route=%2Fwp%2Fv2%2Fcategories&post=75561"},{"taxonomy":"post_tag","embeddable":true,"href":"https:\/\/encuentroinformativo.com.mx\/index.php?rest_route=%2Fwp%2Fv2%2Ftags&post=75561"}],"curies":[{"name":"wp","href":"https:\/\/api.w.org\/{rel}","templated":true}]}}