{"id":75564,"date":"2026-03-10T10:44:54","date_gmt":"2026-03-10T16:44:54","guid":{"rendered":"https:\/\/encuentroinformativo.com.mx\/?p=75564"},"modified":"2026-03-10T14:15:55","modified_gmt":"2026-03-10T20:15:55","slug":"por-evaluacion-en-encuesta-cerrarian-guarderia-del-imss-en-xalapa","status":"publish","type":"post","link":"https:\/\/encuentroinformativo.com.mx\/?p=75564","title":{"rendered":"Por evaluaci\u00f3n en encuesta, cerrar\u00edan guarder\u00eda del IMSS"},"content":{"rendered":"<p><strong>Dar\u00edo Pale<\/strong><\/p>\n<p>Xalapa, Ver.- El administrador de la guarder\u00eda Papalote Centro de Asistencia, H\u00e9ctor Quintanar Garc\u00eda, denunci\u00f3 que el Instituto Mexicano del Seguro Social (IMSS) pretende cerrar el servicio con base en el resultado de una encuesta de satisfacci\u00f3n que, asegur\u00f3, es subjetiva y no refleja la realidad del servicio que reciben los menores.<\/p>\n<p>Explic\u00f3 que el instituto exige una calificaci\u00f3n m\u00ednima de 8.4 en la evaluaci\u00f3n aplicada a los padres de familia; sin embargo, la guarder\u00eda obtuvo 8.3, por lo que se determin\u00f3 el cierre del centro, una decisi\u00f3n que consider\u00f3 absurda y desproporcionada.<\/p>\n<p>\u201cUna encuesta completamente manipulada o subjetiva no puede ser la base para cerrar un servicio tan necesario y donde la comunidad est\u00e1 contenta\u201d, se\u00f1al\u00f3.<\/p>\n<p>Quintanar Garc\u00eda afirm\u00f3 que desde hace tiempo han solicitado que este tipo de evaluaciones se realicen de manera presencial con los padres de familia, ya que muchos no comprenden el formato digital o incluso no abren los correos donde se env\u00edan las encuestas.<\/p>\n<p>Indic\u00f3 que ya han enviado diversos oficios a la titular del \u00e1rea de guarder\u00edas del IMSS en Veracruz, Edith Jim\u00e9nez Mart\u00ednez, para plantear mejoras al sistema de evaluaci\u00f3n, pero asegur\u00f3 que no han recibido respuesta ni se les ha otorgado el derecho de audiencia.<\/p>\n<p>Seg\u00fan relat\u00f3, incluso en una visita reciente de la funcionaria al centro infantil se gener\u00f3 inconformidad luego de que el personal le pidiera cumplir con las medidas sanitarias para ingresar a las \u00e1reas donde se encuentran los beb\u00e9s, como el uso de cubrebocas y cubrirse el cabello.<\/p>\n<p>El administrador tambi\u00e9n cuestion\u00f3 que la decisi\u00f3n afectar\u00eda directamente a decenas de familias, ya que la guarder\u00eda tiene capacidad para atender a 152 menores y actualmente brinda servicio a cerca de 50 familias, adem\u00e1s de que generar\u00eda la p\u00e9rdida de 42 empleos.<\/p>\n<p>Agreg\u00f3 que el centro cuenta con casi 30 a\u00f1os de funcionamiento y cumple con supervisiones peri\u00f3dicas del IMSS, de la Secretar\u00eda de Educaci\u00f3n de Veracruz, del DIF y con su programa interno de Protecci\u00f3n Civil, adem\u00e1s de dict\u00e1menes estructurales y el\u00e9ctricos.<\/p>\n<p>Quintanar Garc\u00eda sostuvo que la guarder\u00eda ha sido incluso referente en materia de seguridad, al contar con protocolos de evacuaci\u00f3n que permiten desalojar el inmueble en menos de dos minutos.<\/p>\n<p>Asimismo, acus\u00f3 que existe un contexto de irregularidades dentro del sistema de guarder\u00edas del instituto, se\u00f1alando que anteriormente funcionarios del \u00e1rea han sido removidos por presuntos casos de corrupci\u00f3n.<\/p>\n<p>El responsable del centro infantil tambi\u00e9n se\u00f1al\u00f3 que en otros municipios del estado se han presentado situaciones similares, como en una guarder\u00eda ubicada en la zona de Las Bajadas, en Veracruz, que fue reabierta por orden judicial y ahora nuevamente enfrenta un proceso de cierre.<\/p>\n<p>De acuerdo con lo expuesto, los padres de familia ya se organizaron para defender la permanencia del servicio y algunos de ellos analizan solicitar una audiencia con autoridades del IMSS, adem\u00e1s de emprender acciones legales para evitar el cierre.<\/p>\n<p>Incluso, dijo, entre los padres hay abogadas que est\u00e1n asesorando al resto de las familias para buscar mecanismos que permitan mantener abierta la guarder\u00eda y garantizar el servicio para los menores.<\/p>\n","protected":false},"excerpt":{"rendered":"<p>Dar\u00edo Pale Xalapa, Ver.- El administrador de la guarder\u00eda Papalote Centro de Asistencia, H\u00e9ctor Quintanar Garc\u00eda, denunci\u00f3 que el Instituto Mexicano del Seguro Social (IMSS) pretende cerrar el servicio con base en el resultado de una encuesta de satisfacci\u00f3n que, asegur\u00f3, es subjetiva y no refleja la realidad del servicio que reciben los menores. Explic\u00f3 [&hellip;]<\/p>\n","protected":false},"author":2476,"featured_media":75565,"comment_status":"open","ping_status":"open","sticky":false,"template":"","format":"standard","meta":{"_jetpack_memberships_contains_paid_content":false,"footnotes":""},"categories":[8],"tags":[],"class_list":["post-75564","post","type-post","status-publish","format-standard","has-post-thumbnail","hentry","category-region"],"jetpack_featured_media_url":"https:\/\/encuentroinformativo.com.mx\/wp-content\/uploads\/2026\/03\/IMG-20260310-WA0110.jpg","jetpack_sharing_enabled":true,"jetpack_likes_enabled":true,"amp_enabled":true,"_links":{"self":[{"href":"https:\/\/encuentroinformativo.com.mx\/index.php?rest_route=\/wp\/v2\/posts\/75564","targetHints":{"allow":["GET"]}}],"collection":[{"href":"https:\/\/encuentroinformativo.com.mx\/index.php?rest_route=\/wp\/v2\/posts"}],"about":[{"href":"https:\/\/encuentroinformativo.com.mx\/index.php?rest_route=\/wp\/v2\/types\/post"}],"author":[{"embeddable":true,"href":"https:\/\/encuentroinformativo.com.mx\/index.php?rest_route=\/wp\/v2\/users\/2476"}],"replies":[{"embeddable":true,"href":"https:\/\/encuentroinformativo.com.mx\/index.php?rest_route=%2Fwp%2Fv2%2Fcomments&post=75564"}],"version-history":[{"count":2,"href":"https:\/\/encuentroinformativo.com.mx\/index.php?rest_route=\/wp\/v2\/posts\/75564\/revisions"}],"predecessor-version":[{"id":75587,"href":"https:\/\/encuentroinformativo.com.mx\/index.php?rest_route=\/wp\/v2\/posts\/75564\/revisions\/75587"}],"wp:featuredmedia":[{"embeddable":true,"href":"https:\/\/encuentroinformativo.com.mx\/index.php?rest_route=\/wp\/v2\/media\/75565"}],"wp:attachment":[{"href":"https:\/\/encuentroinformativo.com.mx\/index.php?rest_route=%2Fwp%2Fv2%2Fmedia&parent=75564"}],"wp:term":[{"taxonomy":"category","embeddable":true,"href":"https:\/\/encuentroinformativo.com.mx\/index.php?rest_route=%2Fwp%2Fv2%2Fcategories&post=75564"},{"taxonomy":"post_tag","embeddable":true,"href":"https:\/\/encuentroinformativo.com.mx\/index.php?rest_route=%2Fwp%2Fv2%2Ftags&post=75564"}],"curies":[{"name":"wp","href":"https:\/\/api.w.org\/{rel}","templated":true}]}}