{"id":75568,"date":"2026-03-10T12:18:15","date_gmt":"2026-03-10T18:18:15","guid":{"rendered":"https:\/\/encuentroinformativo.com.mx\/?p=75568"},"modified":"2026-03-10T12:18:15","modified_gmt":"2026-03-10T18:18:15","slug":"invitan-a-participar-en-jornada-de-limpieza-en-el-cofre-de-perote","status":"publish","type":"post","link":"https:\/\/encuentroinformativo.com.mx\/?p=75568","title":{"rendered":"Invitan a participar en jornada de limpieza en el Cofre de Perote"},"content":{"rendered":"<p><strong>Dar\u00edo Pale<\/strong><\/p>\n<p>Xalapa, Ver.- Integrantes de diversos grupos de senderismo y monta\u00f1ismo de Xalapa y la regi\u00f3n convocaron a la ciudadan\u00eda a participar en una jornada de limpieza en el Parque Nacional Cofre de Perote, con el objetivo de retirar basura acumulada en la zona tras la reciente temporada de visitantes.<\/p>\n<p>La actividad se realizar\u00e1 el pr\u00f3ximo domingo 15 de marzo a las 9:00 de la ma\u00f1ana en la comunidad de El Conejo, donde los participantes se reunir\u00e1n en el estacionamiento ubicado frente a la escuela primaria.<\/p>\n<p>Representantes de los grupos organizadores explicaron que la iniciativa surge ante la gran cantidad de residuos que dejan visitantes y turistas que acuden al sitio, especialmente durante las temporadas de fr\u00edo y de nevadas.<\/p>\n<p>Indicaron que, si bien el Cofre de Perote es un lugar frecuentado por senderistas y monta\u00f1istas, la mayor\u00eda de los visitantes son familias o turistas que llegan a disfrutar del paisaje, pero que en muchos casos no tienen la suficiente conciencia sobre el cuidado del medio ambiente.<\/p>\n<p>\u201cAs\u00ed como usamos la monta\u00f1a para visitarla, disfrutarla y admirar su naturaleza, tambi\u00e9n debemos asumir la responsabilidad de cuidarla\u201d, se\u00f1alaron durante la invitaci\u00f3n p\u00fablica.<\/p>\n<p>Los organizadores recordaron que el Cofre de Perote es una de las monta\u00f1as m\u00e1s representativas del pa\u00eds, considerada la octava m\u00e1s alta de M\u00e9xico, adem\u00e1s de ser un ecosistema fundamental para la regi\u00f3n.<\/p>\n<p>Advirtieron que en los \u00faltimos a\u00f1os el parque nacional ha enfrentado diversas afectaciones, entre ellas la tala clandestina y la acumulaci\u00f3n de basura, principalmente pl\u00e1sticos que tardan muchos a\u00f1os en degradarse y que, con las lluvias o nevadas, terminan arrastr\u00e1ndose hacia el suelo y afectando el equilibrio natural del bosque.<\/p>\n<p>Explicaron que los residuos tambi\u00e9n impactan los procesos naturales de regeneraci\u00f3n del suelo y de reforestaci\u00f3n, por lo que consideraron fundamental promover acciones ciudadanas para proteger la zona.<\/p>\n<p>Esta ser\u00e1 la tercera jornada de limpieza que realizan en el Cofre de Perote, actividad que iniciaron en enero de 2024. Sin embargo, se\u00f1alaron que su labor ambiental no se limita a este sitio, ya que tambi\u00e9n han realizado campa\u00f1as de limpieza en otros puntos naturales de la regi\u00f3n.<\/p>\n<p>Entre estos lugares mencionaron el Volcancillo y algunos r\u00edos cercanos, donde tambi\u00e9n se han detectado altos niveles de basura debido al aumento del turismo.<\/p>\n<p>Actualmente participan al menos seis grupos de senderismo que buscan generar conciencia ambiental y fomentar la participaci\u00f3n ciudadana en el cuidado de los espacios naturales.<\/p>\n<p>Subrayaron que la jornada no tiene fines de lucro y que cualquier persona interesada puede integrarse, ya que el objetivo es ampliar la cobertura de limpieza en los senderos y caminos de terracer\u00eda dentro del parque.<\/p>\n<p>Entre los representantes de los grupos que promueven esta iniciativa se encuentran Eva Mar\u00eda, del grupo Patitas de Serpiente de Coatepec; Inocencia S\u00e1nchez Mart\u00ednez, del grupo RUDES; Ricardo Samuel Morg\u00edn, de Senderistas Cofre de Perote; Jade Bexabet, del Club de Excursionismo \u00c1guilas Xalapa; Ang\u00e9lica Ord\u00f3\u00f1ez, del grupo Pata de Coyote, y Fernando P\u00e9rez Dom\u00ednguez, del grupo Andariegos Xalapa.<\/p>\n<p>Finalmente, hicieron un llamado a la poblaci\u00f3n para sumarse a esta actividad y asumir la responsabilidad de proteger el medio ambiente.<\/p>\n<p>\u201cLa naturaleza es la que nos da lo necesario para vivir, por eso es nuestra responsabilidad cuidarla\u201d, concluyeron.<\/p>\n","protected":false},"excerpt":{"rendered":"<p>Dar\u00edo Pale Xalapa, Ver.- Integrantes de diversos grupos de senderismo y monta\u00f1ismo de Xalapa y la regi\u00f3n convocaron a la ciudadan\u00eda a participar en una jornada de limpieza en el Parque Nacional Cofre de Perote, con el objetivo de retirar basura acumulada en la zona tras la reciente temporada de visitantes. La actividad se realizar\u00e1 [&hellip;]<\/p>\n","protected":false},"author":2476,"featured_media":75569,"comment_status":"open","ping_status":"open","sticky":false,"template":"","format":"standard","meta":{"_jetpack_memberships_contains_paid_content":false,"footnotes":""},"categories":[8],"tags":[],"class_list":["post-75568","post","type-post","status-publish","format-standard","has-post-thumbnail","hentry","category-region"],"jetpack_featured_media_url":"https:\/\/encuentroinformativo.com.mx\/wp-content\/uploads\/2026\/03\/IMG-20260310-WA0117.jpg","jetpack_sharing_enabled":true,"jetpack_likes_enabled":true,"amp_enabled":true,"_links":{"self":[{"href":"https:\/\/encuentroinformativo.com.mx\/index.php?rest_route=\/wp\/v2\/posts\/75568","targetHints":{"allow":["GET"]}}],"collection":[{"href":"https:\/\/encuentroinformativo.com.mx\/index.php?rest_route=\/wp\/v2\/posts"}],"about":[{"href":"https:\/\/encuentroinformativo.com.mx\/index.php?rest_route=\/wp\/v2\/types\/post"}],"author":[{"embeddable":true,"href":"https:\/\/encuentroinformativo.com.mx\/index.php?rest_route=\/wp\/v2\/users\/2476"}],"replies":[{"embeddable":true,"href":"https:\/\/encuentroinformativo.com.mx\/index.php?rest_route=%2Fwp%2Fv2%2Fcomments&post=75568"}],"version-history":[{"count":2,"href":"https:\/\/encuentroinformativo.com.mx\/index.php?rest_route=\/wp\/v2\/posts\/75568\/revisions"}],"predecessor-version":[{"id":75571,"href":"https:\/\/encuentroinformativo.com.mx\/index.php?rest_route=\/wp\/v2\/posts\/75568\/revisions\/75571"}],"wp:featuredmedia":[{"embeddable":true,"href":"https:\/\/encuentroinformativo.com.mx\/index.php?rest_route=\/wp\/v2\/media\/75569"}],"wp:attachment":[{"href":"https:\/\/encuentroinformativo.com.mx\/index.php?rest_route=%2Fwp%2Fv2%2Fmedia&parent=75568"}],"wp:term":[{"taxonomy":"category","embeddable":true,"href":"https:\/\/encuentroinformativo.com.mx\/index.php?rest_route=%2Fwp%2Fv2%2Fcategories&post=75568"},{"taxonomy":"post_tag","embeddable":true,"href":"https:\/\/encuentroinformativo.com.mx\/index.php?rest_route=%2Fwp%2Fv2%2Ftags&post=75568"}],"curies":[{"name":"wp","href":"https:\/\/api.w.org\/{rel}","templated":true}]}}