{"id":75582,"date":"2026-03-10T14:13:25","date_gmt":"2026-03-10T20:13:25","guid":{"rendered":"https:\/\/encuentroinformativo.com.mx\/?p=75582"},"modified":"2026-03-10T14:13:25","modified_gmt":"2026-03-10T20:13:25","slug":"defiende-vicente-aguilar-su-permanencia-en-la-dirigencia-del-pt","status":"publish","type":"post","link":"https:\/\/encuentroinformativo.com.mx\/?p=75582","title":{"rendered":"Defiende Vicente Aguilar su permanencia en la dirigencia del PT"},"content":{"rendered":"<p><strong>Dar\u00edo Pale<\/strong><\/p>\n<p>Xalapa, Ver.- El coordinador de la Comisi\u00f3n Ejecutiva Estatal del Partido del Trabajo en Veracruz, Vicente Aguilar Aguilar, defendi\u00f3 su permanencia dentro de la dirigencia partidista al se\u00f1alar que su continuidad responde al trabajo pol\u00edtico realizado durante m\u00e1s de dos d\u00e9cadas dentro del instituto pol\u00edtico.<\/p>\n<p>El dirigente explic\u00f3 que cuenta con 21 a\u00f1os de militancia en el partido y 15 a\u00f1os como coordinador, tiempo en el que \u2014dijo\u2014 se ha consolidado el crecimiento del PT en el estado mediante el trabajo de la estructura y la colaboraci\u00f3n con distintos comisionados nacionales.<\/p>\n<p>Aguilar Aguilar destac\u00f3 que el diputado local Ram\u00f3n D\u00edaz \u00c1vila ha sido uno de los comisionados que se ha mantenido respaldando el trabajo de la dirigencia estatal, particularmente en el fortalecimiento de sectores como j\u00f3venes y mujeres.<\/p>\n<p>\u201cEl trabajo pol\u00edtico es el que se debe premiar. No es un tema de ocurrencias, es un tema partidista\u201d, afirm\u00f3.<\/p>\n<p>El dirigente petista subray\u00f3 que dentro de los partidos de izquierda los cargos no necesariamente se limitan a periodos de tres o seis a\u00f1os, como ocurre en otros institutos pol\u00edticos, ya que los estatutos permiten la reelecci\u00f3n de quienes contin\u00faan trabajando dentro del partido.<\/p>\n<p>Asimismo, sostuvo que las decisiones sobre la integraci\u00f3n de la dirigencia y la participaci\u00f3n de militantes inconformes ser\u00e1n determinadas por la dirigencia nacional, ya sea mediante un nuevo congreso o a trav\u00e9s de acuerdos pol\u00edticos.<\/p>\n<p>Reconoci\u00f3 que dentro del partido existen diferencias entre algunos militantes, pero consider\u00f3 que es algo normal en cualquier organizaci\u00f3n pol\u00edtica. Se\u00f1al\u00f3 que la prioridad debe ser respaldar a quienes realmente trabajan y mantienen lealtad al instituto pol\u00edtico.<\/p>\n<p>Aguilar Aguilar tambi\u00e9n destac\u00f3 que el crecimiento electoral del PT ha generado mayor inter\u00e9s de diversos actores por participar en la vida interna del partido.<\/p>\n<p>\u201cAntes batall\u00e1bamos para tener candidatos; hoy tuvimos candidatos de m\u00e1s en los municipios. Con cerca de 400 mil votos y alrededor del 14 por ciento de la votaci\u00f3n, el partido se ha vuelto atractivo y ahora muchos buscan dirigir\u201d, expres\u00f3.<\/p>\n<p>Por su parte, el diputado local Ram\u00f3n D\u00edaz \u00c1vila explic\u00f3 que durante el Congreso Estatal Extraordinario del PT, realizado el pasado s\u00e1bado, surgieron inconformidades entre alcaldes, s\u00edndicos, regidores y militantes respecto a la planilla de unidad propuesta para integrar la dirigencia estatal.<\/p>\n<p>Detall\u00f3 que la planilla estaba conformada por m\u00e1s de 100 militantes, entre ellos excandidatos, autoridades municipales y miembros de la estructura partidista, con una integraci\u00f3n paritaria entre hombres y mujeres.<\/p>\n<p>Sin embargo, durante el encuentro algunos delegados expresaron su rechazo a ciertos nombres incluidos en la lista, lo que provoc\u00f3 manifestaciones de inconformidad.<\/p>\n<p>Indic\u00f3 que al evento asistieron 19 alcaldes del partido, de los cuales 18 subieron al templete para solicitar a la Mesa Nacional revisar nuevamente la integraci\u00f3n de la planilla.<\/p>\n<p>Ante esta situaci\u00f3n, la dirigencia nacional decidi\u00f3 anular el proceso del Congreso Estatal y mantener vigente la actual Comisi\u00f3n Ejecutiva Estatal registrada ante el Instituto Nacional Electoral.<\/p>\n<p>D\u00edaz \u00c1vila aclar\u00f3 que el desacuerdo no se debi\u00f3 a infiltraciones dentro del partido, sino a diferencias entre delegados respecto a algunos perfiles incluidos en la planilla.<\/p>\n<p>Finalmente, Vicente Aguilar reconoci\u00f3 que durante el congreso pudo haber faltado di\u00e1logo para resolver las inconformidades y alcanzar acuerdos que permitieran integrar a m\u00e1s militantes.<\/p>\n<p>\u201cTal vez debimos suspender un momento para dialogar y sumar a dos o tres compa\u00f1eros m\u00e1s. Pero se opt\u00f3 por suspender el proceso y ahora la decisi\u00f3n depende de la direcci\u00f3n nacional\u201d, concluy\u00f3.<\/p>\n","protected":false},"excerpt":{"rendered":"<p>Dar\u00edo Pale Xalapa, Ver.- El coordinador de la Comisi\u00f3n Ejecutiva Estatal del Partido del Trabajo en Veracruz, Vicente Aguilar Aguilar, defendi\u00f3 su permanencia dentro de la dirigencia partidista al se\u00f1alar que su continuidad responde al trabajo pol\u00edtico realizado durante m\u00e1s de dos d\u00e9cadas dentro del instituto pol\u00edtico. El dirigente explic\u00f3 que cuenta con 21 a\u00f1os [&hellip;]<\/p>\n","protected":false},"author":2476,"featured_media":75585,"comment_status":"open","ping_status":"open","sticky":false,"template":"","format":"standard","meta":{"_jetpack_memberships_contains_paid_content":false,"footnotes":""},"categories":[3],"tags":[],"class_list":["post-75582","post","type-post","status-publish","format-standard","has-post-thumbnail","hentry","category-xalapa"],"jetpack_featured_media_url":"https:\/\/encuentroinformativo.com.mx\/wp-content\/uploads\/2026\/03\/IMG-20260310-WA01702.jpg","jetpack_sharing_enabled":true,"jetpack_likes_enabled":true,"amp_enabled":true,"_links":{"self":[{"href":"https:\/\/encuentroinformativo.com.mx\/index.php?rest_route=\/wp\/v2\/posts\/75582","targetHints":{"allow":["GET"]}}],"collection":[{"href":"https:\/\/encuentroinformativo.com.mx\/index.php?rest_route=\/wp\/v2\/posts"}],"about":[{"href":"https:\/\/encuentroinformativo.com.mx\/index.php?rest_route=\/wp\/v2\/types\/post"}],"author":[{"embeddable":true,"href":"https:\/\/encuentroinformativo.com.mx\/index.php?rest_route=\/wp\/v2\/users\/2476"}],"replies":[{"embeddable":true,"href":"https:\/\/encuentroinformativo.com.mx\/index.php?rest_route=%2Fwp%2Fv2%2Fcomments&post=75582"}],"version-history":[{"count":1,"href":"https:\/\/encuentroinformativo.com.mx\/index.php?rest_route=\/wp\/v2\/posts\/75582\/revisions"}],"predecessor-version":[{"id":75586,"href":"https:\/\/encuentroinformativo.com.mx\/index.php?rest_route=\/wp\/v2\/posts\/75582\/revisions\/75586"}],"wp:featuredmedia":[{"embeddable":true,"href":"https:\/\/encuentroinformativo.com.mx\/index.php?rest_route=\/wp\/v2\/media\/75585"}],"wp:attachment":[{"href":"https:\/\/encuentroinformativo.com.mx\/index.php?rest_route=%2Fwp%2Fv2%2Fmedia&parent=75582"}],"wp:term":[{"taxonomy":"category","embeddable":true,"href":"https:\/\/encuentroinformativo.com.mx\/index.php?rest_route=%2Fwp%2Fv2%2Fcategories&post=75582"},{"taxonomy":"post_tag","embeddable":true,"href":"https:\/\/encuentroinformativo.com.mx\/index.php?rest_route=%2Fwp%2Fv2%2Ftags&post=75582"}],"curies":[{"name":"wp","href":"https:\/\/api.w.org\/{rel}","templated":true}]}}