{"id":75588,"date":"2026-03-10T15:06:27","date_gmt":"2026-03-10T21:06:27","guid":{"rendered":"https:\/\/encuentroinformativo.com.mx\/?p=75588"},"modified":"2026-03-10T15:06:27","modified_gmt":"2026-03-10T21:06:27","slug":"congreso-no-tolera-conductas-fuera-de-la-ley-esteban-bautista","status":"publish","type":"post","link":"https:\/\/encuentroinformativo.com.mx\/?p=75588","title":{"rendered":"Congreso no tolera conductas fuera de la ley: Esteban Bautista"},"content":{"rendered":"<p><strong>Dar\u00edo Pale<\/strong><\/p>\n<p>Xalapa, Ver.- El presidente de la Junta de Coordinaci\u00f3n Pol\u00edtica del Congreso del Estado de Veracruz, Esteban Bautista Hern\u00e1ndez, afirm\u00f3 que en la actual legislatura no se tolerar\u00e1 ninguna conducta fuera de la ley, particularmente aquellas que atenten contra las mujeres, luego de la detenci\u00f3n de un funcionario se\u00f1alado por presunto acoso sexual.<\/p>\n<p>A trav\u00e9s de un posicionamiento oficial, el legislador se\u00f1al\u00f3 que la captura de Jos\u00e9 Manuel \u201cN\u201d se realiz\u00f3 en cumplimiento de una orden de aprehensi\u00f3n ejecutada por su presunta responsabilidad en el delito de acoso sexual.<\/p>\n<p>Indic\u00f3 que el Poder Legislativo reconoce la actuaci\u00f3n de las autoridades en este caso, especialmente de la Fiscal\u00eda General del Estado de Veracruz, as\u00ed como de las \u00e1reas internas del Congreso que intervinieron tras conocer los se\u00f1alamientos de las v\u00edctimas.<\/p>\n<p>Explic\u00f3 que el Centro de Estudios para la Igualdad de G\u00e9nero y los Derechos Humanos del Congreso de Veracruz fue la instancia que fungi\u00f3 como primer contacto con las personas afectadas, y posteriormente dio vista a la Contralor\u00eda Interna del Congreso para iniciar el procedimiento correspondiente, adem\u00e1s de informar a la Fiscal\u00eda.<\/p>\n<p>Bautista Hern\u00e1ndez reiter\u00f3 que el Congreso mantiene una postura firme frente a este tipo de conductas.<\/p>\n<p>\u201cEn esta legislatura no vamos a tolerar ninguna pr\u00e1ctica al margen de la ley, mucho menos en contra de las mujeres de nuestras compa\u00f1eras\u201d, expres\u00f3.<\/p>\n<p>Asimismo, enfatiz\u00f3 que el Poder Legislativo no proteger\u00e1 a ning\u00fan servidor p\u00fablico que incurra en actos il\u00edcitos.<\/p>\n<p>\u201cNosotros no metemos las manos al fuego por nadie que incurra en este o en cualquier delito\u201d, subray\u00f3.<\/p>\n<p>Finalmente, lament\u00f3 que este tipo de conductas contin\u00faen present\u00e1ndose tanto en la sociedad como dentro del servicio p\u00fablico, al tiempo que reiter\u00f3 el respaldo institucional a las trabajadoras afectadas y expres\u00f3 su confianza en que las autoridades lleven el caso hasta sus \u00faltimas consecuencias.<\/p>\n","protected":false},"excerpt":{"rendered":"<p>Dar\u00edo Pale Xalapa, Ver.- El presidente de la Junta de Coordinaci\u00f3n Pol\u00edtica del Congreso del Estado de Veracruz, Esteban Bautista Hern\u00e1ndez, afirm\u00f3 que en la actual legislatura no se tolerar\u00e1 ninguna conducta fuera de la ley, particularmente aquellas que atenten contra las mujeres, luego de la detenci\u00f3n de un funcionario se\u00f1alado por presunto acoso sexual. [&hellip;]<\/p>\n","protected":false},"author":2476,"featured_media":75589,"comment_status":"open","ping_status":"open","sticky":false,"template":"","format":"standard","meta":{"_jetpack_memberships_contains_paid_content":false,"footnotes":""},"categories":[2],"tags":[],"class_list":["post-75588","post","type-post","status-publish","format-standard","has-post-thumbnail","hentry","category-estado"],"jetpack_featured_media_url":"https:\/\/encuentroinformativo.com.mx\/wp-content\/uploads\/2026\/03\/IMG-20260309-WA0501-scaled.jpg","jetpack_sharing_enabled":true,"jetpack_likes_enabled":true,"amp_enabled":true,"_links":{"self":[{"href":"https:\/\/encuentroinformativo.com.mx\/index.php?rest_route=\/wp\/v2\/posts\/75588","targetHints":{"allow":["GET"]}}],"collection":[{"href":"https:\/\/encuentroinformativo.com.mx\/index.php?rest_route=\/wp\/v2\/posts"}],"about":[{"href":"https:\/\/encuentroinformativo.com.mx\/index.php?rest_route=\/wp\/v2\/types\/post"}],"author":[{"embeddable":true,"href":"https:\/\/encuentroinformativo.com.mx\/index.php?rest_route=\/wp\/v2\/users\/2476"}],"replies":[{"embeddable":true,"href":"https:\/\/encuentroinformativo.com.mx\/index.php?rest_route=%2Fwp%2Fv2%2Fcomments&post=75588"}],"version-history":[{"count":1,"href":"https:\/\/encuentroinformativo.com.mx\/index.php?rest_route=\/wp\/v2\/posts\/75588\/revisions"}],"predecessor-version":[{"id":75590,"href":"https:\/\/encuentroinformativo.com.mx\/index.php?rest_route=\/wp\/v2\/posts\/75588\/revisions\/75590"}],"wp:featuredmedia":[{"embeddable":true,"href":"https:\/\/encuentroinformativo.com.mx\/index.php?rest_route=\/wp\/v2\/media\/75589"}],"wp:attachment":[{"href":"https:\/\/encuentroinformativo.com.mx\/index.php?rest_route=%2Fwp%2Fv2%2Fmedia&parent=75588"}],"wp:term":[{"taxonomy":"category","embeddable":true,"href":"https:\/\/encuentroinformativo.com.mx\/index.php?rest_route=%2Fwp%2Fv2%2Fcategories&post=75588"},{"taxonomy":"post_tag","embeddable":true,"href":"https:\/\/encuentroinformativo.com.mx\/index.php?rest_route=%2Fwp%2Fv2%2Ftags&post=75588"}],"curies":[{"name":"wp","href":"https:\/\/api.w.org\/{rel}","templated":true}]}}