{"id":75591,"date":"2026-03-10T15:15:53","date_gmt":"2026-03-10T21:15:53","guid":{"rendered":"https:\/\/encuentroinformativo.com.mx\/?p=75591"},"modified":"2026-03-10T15:15:53","modified_gmt":"2026-03-10T21:15:53","slug":"gobierno-del-estado-mantiene-respaldo-al-sector-pesquero-rocio-nahle","status":"publish","type":"post","link":"https:\/\/encuentroinformativo.com.mx\/?p=75591","title":{"rendered":"Gobierno del Estado mantiene respaldo al sector pesquero: Roc\u00edo Nahle"},"content":{"rendered":"<p><strong>Dar\u00edo Pale<\/strong><\/p>\n<p>Xalapa, Ver.- La gobernadora de Veracruz, Roc\u00edo Nahle Garc\u00eda, afirm\u00f3 que su administraci\u00f3n mantiene atenci\u00f3n directa al sector pesquero del estado, al se\u00f1alar que existen diversos pendientes que deben atenderse en coordinaci\u00f3n con el Gobierno Federal.<\/p>\n<p>Durante su visita al municipio de Alvarado, la mandataria estatal indic\u00f3 que acompa\u00f1\u00f3 actividades de la Secretar\u00eda de Bienestar, como parte de la estrategia para reforzar los programas sociales y atender las necesidades de la poblaci\u00f3n.<\/p>\n<p>Nahle Garc\u00eda destac\u00f3 que el sector pesquero representa una actividad fundamental para la econom\u00eda de la regi\u00f3n, por lo que se trabaja para atender diversas demandas que han sido planteadas por pescadores.<\/p>\n<p>\u201cTenemos pendientes muy fuertes con el sector pesquero y, por instrucciones de la presidenta y de la pol\u00edtica del Gobierno del Estado, estamos atendiendo. Tenemos mucho trabajo aqu\u00ed\u201d, expres\u00f3.<\/p>\n<p>La gobernadora reiter\u00f3 que su administraci\u00f3n continuar\u00e1 realizando recorridos en distintas regiones del estado para dar seguimiento a las necesidades de los sectores productivos y fortalecer la coordinaci\u00f3n con dependencias federales en beneficio de la poblaci\u00f3n.<\/p>\n","protected":false},"excerpt":{"rendered":"<p>Dar\u00edo Pale Xalapa, Ver.- La gobernadora de Veracruz, Roc\u00edo Nahle Garc\u00eda, afirm\u00f3 que su administraci\u00f3n mantiene atenci\u00f3n directa al sector pesquero del estado, al se\u00f1alar que existen diversos pendientes que deben atenderse en coordinaci\u00f3n con el Gobierno Federal. Durante su visita al municipio de Alvarado, la mandataria estatal indic\u00f3 que acompa\u00f1\u00f3 actividades de la Secretar\u00eda [&hellip;]<\/p>\n","protected":false},"author":2476,"featured_media":75592,"comment_status":"open","ping_status":"open","sticky":false,"template":"","format":"standard","meta":{"_jetpack_memberships_contains_paid_content":false,"footnotes":""},"categories":[2],"tags":[],"class_list":["post-75591","post","type-post","status-publish","format-standard","has-post-thumbnail","hentry","category-estado"],"jetpack_featured_media_url":"https:\/\/encuentroinformativo.com.mx\/wp-content\/uploads\/2026\/03\/IMG-20260310-WA0174-scaled.jpg","jetpack_sharing_enabled":true,"jetpack_likes_enabled":true,"amp_enabled":true,"_links":{"self":[{"href":"https:\/\/encuentroinformativo.com.mx\/index.php?rest_route=\/wp\/v2\/posts\/75591","targetHints":{"allow":["GET"]}}],"collection":[{"href":"https:\/\/encuentroinformativo.com.mx\/index.php?rest_route=\/wp\/v2\/posts"}],"about":[{"href":"https:\/\/encuentroinformativo.com.mx\/index.php?rest_route=\/wp\/v2\/types\/post"}],"author":[{"embeddable":true,"href":"https:\/\/encuentroinformativo.com.mx\/index.php?rest_route=\/wp\/v2\/users\/2476"}],"replies":[{"embeddable":true,"href":"https:\/\/encuentroinformativo.com.mx\/index.php?rest_route=%2Fwp%2Fv2%2Fcomments&post=75591"}],"version-history":[{"count":1,"href":"https:\/\/encuentroinformativo.com.mx\/index.php?rest_route=\/wp\/v2\/posts\/75591\/revisions"}],"predecessor-version":[{"id":75593,"href":"https:\/\/encuentroinformativo.com.mx\/index.php?rest_route=\/wp\/v2\/posts\/75591\/revisions\/75593"}],"wp:featuredmedia":[{"embeddable":true,"href":"https:\/\/encuentroinformativo.com.mx\/index.php?rest_route=\/wp\/v2\/media\/75592"}],"wp:attachment":[{"href":"https:\/\/encuentroinformativo.com.mx\/index.php?rest_route=%2Fwp%2Fv2%2Fmedia&parent=75591"}],"wp:term":[{"taxonomy":"category","embeddable":true,"href":"https:\/\/encuentroinformativo.com.mx\/index.php?rest_route=%2Fwp%2Fv2%2Fcategories&post=75591"},{"taxonomy":"post_tag","embeddable":true,"href":"https:\/\/encuentroinformativo.com.mx\/index.php?rest_route=%2Fwp%2Fv2%2Ftags&post=75591"}],"curies":[{"name":"wp","href":"https:\/\/api.w.org\/{rel}","templated":true}]}}