{"id":75600,"date":"2026-03-11T09:14:02","date_gmt":"2026-03-11T15:14:02","guid":{"rendered":"https:\/\/encuentroinformativo.com.mx\/?p=75600"},"modified":"2026-03-11T09:14:02","modified_gmt":"2026-03-11T15:14:02","slug":"5-metros-para-maria-enriqueta","status":"publish","type":"post","link":"https:\/\/encuentroinformativo.com.mx\/?p=75600","title":{"rendered":"5 METROS PARA MAR\u00cdA ENRIQUETA"},"content":{"rendered":"<p dir=\"ltr\"><strong>Los Pol\u00edticos<\/strong><\/p>\n<p dir=\"ltr\"><strong>Salvador Mu\u00f1oz<\/strong><\/p>\n<p dir=\"ltr\">La idea de colocar a la entrada del Pueblo M\u00e1gico una estatua de cinco metros de alto de una mujer cortadora de caf\u00e9, no es mala\u2026 imagine llegar por Xalapa a Coatepec, y en esa glorieta que le da la bienvenida, erguida, ese monumento\u2026 insisto, la idea no es mala, pero tampoco original.<\/p>\n<p dir=\"ltr\">Desde el 2002, Huatusco puso en manos del escultor Javier Ortiz la creaci\u00f3n de este ya s\u00edmbolo de uno de los m\u00e1s relevantes productores de caf\u00e9 en el estado. Su ubicaci\u00f3n, en la glorieta de entrada a ese municipio, rinde homenaje a las mujeres dedicadas a la selecci\u00f3n y corte del grano, esas manos que entre cafetales determinan buena parte de la calidad del arom\u00e1tico veracruzano.<\/p>\n<p dir=\"ltr\">Hay que presumirlo: A ojo de buen cubero, tenemos m\u00e1s de 80 municipios dedicados a la cafeticultura, diez regiones cafetaleras y m\u00e1s de 80 mil productores. Y aunque somos segundo lugar nacional en producci\u00f3n, el orgullo veracruzano insiste \u2013con ese desparpajo que nos caracteriza por sabernos due\u00f1os de la raz\u00f3n\u2013 en que el mejor caf\u00e9 del pa\u00eds se da aqu\u00ed. Porque una cosa es producir\u2026 y otra muy distinta es saber a gloria.<\/p>\n<p dir=\"ltr\">Pero en medio de ese orgullo cafetalero hay una glorieta en Coatepec que ya tiene historia. Ah\u00ed est\u00e1 el busto de Mar\u00eda Enriqueta Camarillo y Roa, que me han de perdonar los impulsores de la recolectora, pero el peso hist\u00f3rico de esta mujer \u2013nativa del Pueblo M\u00e1gico\u2013 pesa bastante m\u00e1s que una estatua monumental con canasto y granos.<\/p>\n<p dir=\"ltr\">Mar\u00eda Enriqueta naci\u00f3 en Coatepec en 1872 y fue poeta, novelista, cuentista, traductora y pianista. En un pa\u00eds donde la literatura era terreno dominado por hombres, ella decidi\u00f3 abrirse paso\u2026 aunque para lograrlo tuviera que recurrir a un viejo truco que muchas mujeres del siglo XIX y principios del XX utilizaron: esconderse detr\u00e1s de un seud\u00f3nimo masculino.<\/p>\n<p dir=\"ltr\">S\u00ed\u2026 para que sus textos fueran tomados en serio en un mundo de letras para caballeros, firm\u00f3 algunos de sus escritos como Iv\u00e1n Moszkowski. Cosas de la \u00e9poca: a veces la pluma femenina necesitaba bigote literario para que la leyeran. Y aun as\u00ed, con o sin disfraz editorial, su obra termin\u00f3 imponi\u00e9ndose.<\/p>\n<p dir=\"ltr\">Su libro Rosas de la infancia marc\u00f3 generaciones enteras de estudiantes mexicanos. Durante d\u00e9cadas, fue lectura obligada en las escuelas del pa\u00eds. Sus textos se tradujeron a otros idiomas, su obra circul\u00f3 en Europa y su nombre incluso fue considerado para el Premio Nobel de Literatura a mediados del siglo pasado. Nada mal para una mujer nacida en un peque\u00f1o pueblo cafetalero de Veracruz.<\/p>\n<p dir=\"ltr\">Por eso el asunto de la glorieta en Coatepec tiene algo de iron\u00eda hist\u00f3rica. Mientras se discute levantar una recolectora de caf\u00e9 monumental, ah\u00ed mismo permanece el busto \u2013modesto, discreto\u2013 de una mujer que llev\u00f3 el nombre del pueblo mucho m\u00e1s lejos que cualquier costal de pergamino.<\/p>\n<p dir=\"ltr\">Y ojo: nadie est\u00e1 peleado con el caf\u00e9. \u00a1Faltaba m\u00e1s! Coatepec vive de \u00e9l, respira caf\u00e9, presume caf\u00e9\u2026 y lo sirve hasta en la conversaci\u00f3n pol\u00edtica. Pero los pueblos tambi\u00e9n viven de sus s\u00edmbolos, de sus historias y de sus personajes.<\/p>\n<p dir=\"ltr\">\u00c1lamo tiene a su Colotero\u2026 Papantla a sus Voladores\u2026 Catemaco a su Pescador\u2026 Orizaba presume su Palacio de Hierro (y no es comercial)\u2026 Huatusco tiene su recolectora de caf\u00e9\u2026 Y Coatepec ya tiene a Mar\u00eda Enriqueta.<\/p>\n<p dir=\"ltr\">As\u00ed que si el alcalde Nacho Luna insiste en la estatua\u2026 \u00a1sea pues! Que se haga, pero que sea de Mar\u00eda Enriqueta Camarillo y Roa.<\/p>\n<p dir=\"ltr\">Cinco metros de altura para una mujer que rompi\u00f3 moldes en la literatura mexicana, que se impuso \u2013con seud\u00f3nimo incluido\u2013 en un mundo dominado por hombres y que puso el nombre de Coatepec en los anaqueles de la cultura.<\/p>\n<p dir=\"ltr\">Y si alguien insiste en que el caf\u00e9 est\u00e9 presente\u2026 pues p\u00f3nganle en la mano una taza del arom\u00e1tico. Total\u2026 cinco metros de estatua alcanzan perfectamente para sostener una taza.<\/p>\n<p dir=\"ltr\">Pero sobre todo, para sostener un pedazo de historia que Coatepec no deber\u00eda cambiar por una idea que no tiene nada de original.<\/p>\n","protected":false},"excerpt":{"rendered":"<p>Los Pol\u00edticos Salvador Mu\u00f1oz La idea de colocar a la entrada del Pueblo M\u00e1gico una estatua de cinco metros de alto de una mujer cortadora de caf\u00e9, no es mala\u2026 imagine llegar por Xalapa a Coatepec, y en esa glorieta que le da la bienvenida, erguida, ese monumento\u2026 insisto, la idea no es mala, pero [&hellip;]<\/p>\n","protected":false},"author":2476,"featured_media":387,"comment_status":"open","ping_status":"open","sticky":false,"template":"","format":"standard","meta":{"_jetpack_memberships_contains_paid_content":false,"footnotes":""},"categories":[11],"tags":[],"class_list":["post-75600","post","type-post","status-publish","format-standard","has-post-thumbnail","hentry","category-opinion"],"jetpack_featured_media_url":"https:\/\/encuentroinformativo.com.mx\/wp-content\/uploads\/2020\/03\/7CF8A22B-2764-47BE-8F7F-38FE9E5D6A2F.jpeg","jetpack_sharing_enabled":true,"jetpack_likes_enabled":true,"amp_enabled":true,"_links":{"self":[{"href":"https:\/\/encuentroinformativo.com.mx\/index.php?rest_route=\/wp\/v2\/posts\/75600","targetHints":{"allow":["GET"]}}],"collection":[{"href":"https:\/\/encuentroinformativo.com.mx\/index.php?rest_route=\/wp\/v2\/posts"}],"about":[{"href":"https:\/\/encuentroinformativo.com.mx\/index.php?rest_route=\/wp\/v2\/types\/post"}],"author":[{"embeddable":true,"href":"https:\/\/encuentroinformativo.com.mx\/index.php?rest_route=\/wp\/v2\/users\/2476"}],"replies":[{"embeddable":true,"href":"https:\/\/encuentroinformativo.com.mx\/index.php?rest_route=%2Fwp%2Fv2%2Fcomments&post=75600"}],"version-history":[{"count":1,"href":"https:\/\/encuentroinformativo.com.mx\/index.php?rest_route=\/wp\/v2\/posts\/75600\/revisions"}],"predecessor-version":[{"id":75601,"href":"https:\/\/encuentroinformativo.com.mx\/index.php?rest_route=\/wp\/v2\/posts\/75600\/revisions\/75601"}],"wp:featuredmedia":[{"embeddable":true,"href":"https:\/\/encuentroinformativo.com.mx\/index.php?rest_route=\/wp\/v2\/media\/387"}],"wp:attachment":[{"href":"https:\/\/encuentroinformativo.com.mx\/index.php?rest_route=%2Fwp%2Fv2%2Fmedia&parent=75600"}],"wp:term":[{"taxonomy":"category","embeddable":true,"href":"https:\/\/encuentroinformativo.com.mx\/index.php?rest_route=%2Fwp%2Fv2%2Fcategories&post=75600"},{"taxonomy":"post_tag","embeddable":true,"href":"https:\/\/encuentroinformativo.com.mx\/index.php?rest_route=%2Fwp%2Fv2%2Ftags&post=75600"}],"curies":[{"name":"wp","href":"https:\/\/api.w.org\/{rel}","templated":true}]}}