{"id":75608,"date":"2026-03-11T12:32:31","date_gmt":"2026-03-11T18:32:31","guid":{"rendered":"https:\/\/encuentroinformativo.com.mx\/?p=75608"},"modified":"2026-03-11T12:32:31","modified_gmt":"2026-03-11T18:32:31","slug":"victor-garcia-dara-concierto-en-veracruz","status":"publish","type":"post","link":"https:\/\/encuentroinformativo.com.mx\/?p=75608","title":{"rendered":"V\u00edctor Garc\u00eda dar\u00e1 concierto en Veracruz"},"content":{"rendered":"<p><strong>Alejandro \u00c1vila<\/strong><\/p>\n<p>Veracruz, Ver.- El cantante de norte\u00f1a y pop, V\u00edctor Garc\u00eda, dar\u00e1 un concierto en Veracruz el pr\u00f3ximo 16 de mayo en el auditorio &#8220;Benito Ju\u00e1rez&#8221;.<\/p>\n<p>&#8220;El Rey sin Corona&#8221; se presentar\u00e1 en Veracruz una larga ausencia donde interpretar\u00e1 sus m\u00e1s grandes \u00e9xitos como: Desvelado, Ayer Ped\u00ed Que Te Murieras, Mi Funeral, Invisible, Otra vez, entre otras.<\/p>\n<p>El nacido en Ciudad Madero, Tamaulipas, volvi\u00f3 a la farandula en 2024 tras alejarse de la escena art\u00edstica por motivos personales, e inici\u00f3 una serie de conciertos, en este 2026 busca reencontrarse con su p\u00fablico veracruzano.<\/p>\n<p>Los boletos ya est\u00e1n a la venta a trav\u00e9s de la plataforma Super Boleto.<\/p>\n","protected":false},"excerpt":{"rendered":"<p>Alejandro \u00c1vila Veracruz, Ver.- El cantante de norte\u00f1a y pop, V\u00edctor Garc\u00eda, dar\u00e1 un concierto en Veracruz el pr\u00f3ximo 16 de mayo en el auditorio &#8220;Benito Ju\u00e1rez&#8221;. &#8220;El Rey sin Corona&#8221; se presentar\u00e1 en Veracruz una larga ausencia donde interpretar\u00e1 sus m\u00e1s grandes \u00e9xitos como: Desvelado, Ayer Ped\u00ed Que Te Murieras, Mi Funeral, Invisible, Otra [&hellip;]<\/p>\n","protected":false},"author":2476,"featured_media":75609,"comment_status":"open","ping_status":"open","sticky":false,"template":"","format":"standard","meta":{"_jetpack_memberships_contains_paid_content":false,"footnotes":""},"categories":[2],"tags":[],"class_list":["post-75608","post","type-post","status-publish","format-standard","has-post-thumbnail","hentry","category-estado"],"jetpack_featured_media_url":"https:\/\/encuentroinformativo.com.mx\/wp-content\/uploads\/2026\/03\/IMG-20260311-WA00912.jpg","jetpack_sharing_enabled":true,"jetpack_likes_enabled":true,"amp_enabled":true,"_links":{"self":[{"href":"https:\/\/encuentroinformativo.com.mx\/index.php?rest_route=\/wp\/v2\/posts\/75608","targetHints":{"allow":["GET"]}}],"collection":[{"href":"https:\/\/encuentroinformativo.com.mx\/index.php?rest_route=\/wp\/v2\/posts"}],"about":[{"href":"https:\/\/encuentroinformativo.com.mx\/index.php?rest_route=\/wp\/v2\/types\/post"}],"author":[{"embeddable":true,"href":"https:\/\/encuentroinformativo.com.mx\/index.php?rest_route=\/wp\/v2\/users\/2476"}],"replies":[{"embeddable":true,"href":"https:\/\/encuentroinformativo.com.mx\/index.php?rest_route=%2Fwp%2Fv2%2Fcomments&post=75608"}],"version-history":[{"count":1,"href":"https:\/\/encuentroinformativo.com.mx\/index.php?rest_route=\/wp\/v2\/posts\/75608\/revisions"}],"predecessor-version":[{"id":75610,"href":"https:\/\/encuentroinformativo.com.mx\/index.php?rest_route=\/wp\/v2\/posts\/75608\/revisions\/75610"}],"wp:featuredmedia":[{"embeddable":true,"href":"https:\/\/encuentroinformativo.com.mx\/index.php?rest_route=\/wp\/v2\/media\/75609"}],"wp:attachment":[{"href":"https:\/\/encuentroinformativo.com.mx\/index.php?rest_route=%2Fwp%2Fv2%2Fmedia&parent=75608"}],"wp:term":[{"taxonomy":"category","embeddable":true,"href":"https:\/\/encuentroinformativo.com.mx\/index.php?rest_route=%2Fwp%2Fv2%2Fcategories&post=75608"},{"taxonomy":"post_tag","embeddable":true,"href":"https:\/\/encuentroinformativo.com.mx\/index.php?rest_route=%2Fwp%2Fv2%2Ftags&post=75608"}],"curies":[{"name":"wp","href":"https:\/\/api.w.org\/{rel}","templated":true}]}}