{"id":75614,"date":"2026-03-11T15:26:42","date_gmt":"2026-03-11T21:26:42","guid":{"rendered":"https:\/\/encuentroinformativo.com.mx\/?p=75614"},"modified":"2026-03-11T15:26:42","modified_gmt":"2026-03-11T21:26:42","slug":"realizan-feria-del-empleo-en-banderilla","status":"publish","type":"post","link":"https:\/\/encuentroinformativo.com.mx\/?p=75614","title":{"rendered":"Realizan Feria del Empleo en Banderilla"},"content":{"rendered":"<p>Banderilla, Ver.- Con el prop\u00f3sito de generar empleos bien remunerados e impulsar la actividad econ\u00f3mica entre la poblaci\u00f3n, el gobierno municipal de Banderilla, que encabeza Jos\u00e9 Antonio Sangabriel Fern\u00e1ndez a trav\u00e9s de la Direcci\u00f3n de Desarrollo Econ\u00f3mico y Comercio, puso en marcha la Feria del Empleo con la participaci\u00f3n de la Empresa Fomento Econ\u00f3mico Mexicano (FEMSA), una de las mayores expendedoras de bebidas embotelladas del mundo.<\/p>\n<p>El alcalde, Jos\u00e9 Antonio Sangabriel Fern\u00e1ndez, acompa\u00f1ado por el director de Desarrollo Econ\u00f3mico y Comercio, Jos\u00e9 Caicero Hern\u00e1ndez, destac\u00f3 la importancia que representa para el gobierno municipal que la empresa multinacional mexicana muestre su confianza plena en sumar esfuerzos con el gobierno municipal para fortalecerse con los mejores recursos humanos de nuestra poblaci\u00f3n.<\/p>\n<p>Adelant\u00f3 tambi\u00e9n que, as\u00ed como la empresa Coca Cola lo hizo en este momento, otras firmas automotrices, refaccionarias, de las industrias del hospedaje y de la gastronom\u00eda y tiendas de conveniencia, entre otras, est\u00e1n acudiendo al Gobierno Municipal para realizar un trabajo coordinado a fin de enriquecer sus plantillas de trabajadoras y trabajadores.<\/p>\n<p>En los bajos del Palacio de Gobierno Municipal, la directora de Recursos Humanos, Nadia Mart\u00ednez atendi\u00f3 a cada una y cada uno de los j\u00f3venes aspirantes, les recibi\u00f3 su documentaci\u00f3n, les proporcion\u00f3 toda la informaci\u00f3n sobre la transnacional mexicana y les explic\u00f3 a detalle las \u00e1reas de oportunidades, as\u00ed como los horarios de trabajo donde se requiere fortalecer su plantilla laboral.<\/p>\n<p>Destac\u00f3 que la Empresa Fomento Econ\u00f3mico Mexicano (FEMSA) se caracteriza por contratar personal con salarios decorosos, as\u00ed como todas las prestaciones que la Ley del Trabajo determina: tales como seguro social, reparto de utilidades, vacaciones y aguinaldo.<\/p>\n<p>El director de Desarrollo Econ\u00f3mico y Comercio, Jos\u00e9 Caicero Hern\u00e1ndez, recibi\u00f3 la indicaci\u00f3n del presidente Municipal, Jos\u00e9 Antonio Sangabriel Fern\u00e1ndez de continuar promoviendo la presencia de otras empresas asentadas en la poblaci\u00f3n para que, en coordinaci\u00f3n con el gobierno local, se contin\u00faen generado oportunidades de empleos bien remunerados.<\/p>\n<p>Estuvieron presentes en la apertura de la Feria del Empleo, el Tesorero Municipal, Arturo Escobar Melendez y el director de Desarrollo Urbano y Catastro, Librado Sirenio Arriaga Galv\u00e1n.<\/p>\n","protected":false},"excerpt":{"rendered":"<p>Banderilla, Ver.- Con el prop\u00f3sito de generar empleos bien remunerados e impulsar la actividad econ\u00f3mica entre la poblaci\u00f3n, el gobierno municipal de Banderilla, que encabeza Jos\u00e9 Antonio Sangabriel Fern\u00e1ndez a trav\u00e9s de la Direcci\u00f3n de Desarrollo Econ\u00f3mico y Comercio, puso en marcha la Feria del Empleo con la participaci\u00f3n de la Empresa Fomento Econ\u00f3mico Mexicano [&hellip;]<\/p>\n","protected":false},"author":2476,"featured_media":75615,"comment_status":"open","ping_status":"open","sticky":false,"template":"","format":"standard","meta":{"_jetpack_memberships_contains_paid_content":false,"footnotes":""},"categories":[8],"tags":[],"class_list":["post-75614","post","type-post","status-publish","format-standard","has-post-thumbnail","hentry","category-region"],"jetpack_featured_media_url":"https:\/\/encuentroinformativo.com.mx\/wp-content\/uploads\/2026\/03\/IMG-20260311-WA0225.jpg","jetpack_sharing_enabled":true,"jetpack_likes_enabled":true,"amp_enabled":true,"_links":{"self":[{"href":"https:\/\/encuentroinformativo.com.mx\/index.php?rest_route=\/wp\/v2\/posts\/75614","targetHints":{"allow":["GET"]}}],"collection":[{"href":"https:\/\/encuentroinformativo.com.mx\/index.php?rest_route=\/wp\/v2\/posts"}],"about":[{"href":"https:\/\/encuentroinformativo.com.mx\/index.php?rest_route=\/wp\/v2\/types\/post"}],"author":[{"embeddable":true,"href":"https:\/\/encuentroinformativo.com.mx\/index.php?rest_route=\/wp\/v2\/users\/2476"}],"replies":[{"embeddable":true,"href":"https:\/\/encuentroinformativo.com.mx\/index.php?rest_route=%2Fwp%2Fv2%2Fcomments&post=75614"}],"version-history":[{"count":1,"href":"https:\/\/encuentroinformativo.com.mx\/index.php?rest_route=\/wp\/v2\/posts\/75614\/revisions"}],"predecessor-version":[{"id":75616,"href":"https:\/\/encuentroinformativo.com.mx\/index.php?rest_route=\/wp\/v2\/posts\/75614\/revisions\/75616"}],"wp:featuredmedia":[{"embeddable":true,"href":"https:\/\/encuentroinformativo.com.mx\/index.php?rest_route=\/wp\/v2\/media\/75615"}],"wp:attachment":[{"href":"https:\/\/encuentroinformativo.com.mx\/index.php?rest_route=%2Fwp%2Fv2%2Fmedia&parent=75614"}],"wp:term":[{"taxonomy":"category","embeddable":true,"href":"https:\/\/encuentroinformativo.com.mx\/index.php?rest_route=%2Fwp%2Fv2%2Fcategories&post=75614"},{"taxonomy":"post_tag","embeddable":true,"href":"https:\/\/encuentroinformativo.com.mx\/index.php?rest_route=%2Fwp%2Fv2%2Ftags&post=75614"}],"curies":[{"name":"wp","href":"https:\/\/api.w.org\/{rel}","templated":true}]}}