{"id":75617,"date":"2026-03-11T15:37:18","date_gmt":"2026-03-11T21:37:18","guid":{"rendered":"https:\/\/encuentroinformativo.com.mx\/?p=75617"},"modified":"2026-03-11T15:37:18","modified_gmt":"2026-03-11T21:37:18","slug":"docente-senala-despido-injustificado-en-telebachillerato","status":"publish","type":"post","link":"https:\/\/encuentroinformativo.com.mx\/?p=75617","title":{"rendered":"Docente se\u00f1ala despido injustificado en Telebachillerato"},"content":{"rendered":"<p><strong>Dar\u00edo Pale<\/strong><\/p>\n<p>Xalapa, Ver.- El docente Francisco Garc\u00eda Hern\u00e1ndez denunci\u00f3 p\u00fablicamente su despido injustificado del telebachillerato comunitario en Veracruz, luego de haber laborado durante 13 a\u00f1os con contratos semestrales consecutivos, situaci\u00f3n por la cual present\u00f3 una demanda ante el Tribunal de Conciliaci\u00f3n y Arbitraje.<\/p>\n<p>En conferencia con medios de comunicaci\u00f3n, explic\u00f3 que este 11 de marzo acudi\u00f3 formalmente a interponer el recurso legal para que su caso sea revisado conforme a derecho, al considerar que su separaci\u00f3n del cargo se realiz\u00f3 sin previo aviso, sin procedimiento administrativo y sin una justificaci\u00f3n formal.<\/p>\n<p>El profesor se\u00f1al\u00f3 que trabaj\u00f3 durante m\u00e1s de una d\u00e9cada en el Telebachillerato Comunitario \u201cEnrique Rodr\u00edguez\u201d, ubicado en el municipio de Tihuatl\u00e1n, donde imparti\u00f3 clases bajo contratos que se renovaban cada seis meses, pero que en la pr\u00e1ctica representaban una relaci\u00f3n laboral continua.<\/p>\n<p>\u201cDurante 13 a\u00f1os firm\u00e9 contratos semestrales consecutivos, lo que demuestra que mi trabajo era permanente. Sin embargo, fui despedido sin aviso ni explicaci\u00f3n\u201d, expres\u00f3.<\/p>\n<p>Garc\u00eda Hern\u00e1ndez explic\u00f3 que el 28 de enero de este a\u00f1o recibi\u00f3 una llamada telef\u00f3nica de la contadora Liliana Guti\u00e9rrez G\u00e1lvez, quien le inform\u00f3 que ya no continuar\u00eda trabajando en la instituci\u00f3n por instrucciones del coordinador estatal del Telebachillerato Comunitario, Ulises Eduardo Pino Carlos.<\/p>\n<p>Seg\u00fan relat\u00f3, durante la llamada se le notific\u00f3 que ya no firmar\u00eda un nuevo contrato, sin que existiera alg\u00fan procedimiento administrativo previo o explicaci\u00f3n sobre la decisi\u00f3n.<\/p>\n<p>\u201cMe dijeron que lamentaban darme la noticia, pero que ya no continuar\u00eda firmando contratos con ellos. Pregunt\u00e9 si ten\u00eda derecho a una liquidaci\u00f3n o una explicaci\u00f3n y hasta ahora no la he recibido\u201d, afirm\u00f3.<\/p>\n<p>El docente indic\u00f3 que su situaci\u00f3n no es un caso aislado, ya que al menos cuatro trabajadores fueron despedidos al finalizar el semestre, aunque muchos no denuncian por temor a perder oportunidades laborales o enfrentar represalias.<\/p>\n<p>Incluso se\u00f1al\u00f3 que algunos trabajadores han sido presionados para renunciar antes de iniciar procesos legales ante las autoridades laborales.<\/p>\n<p>Garc\u00eda Hern\u00e1ndez asegur\u00f3 que su intenci\u00f3n no es confrontar a la instituci\u00f3n, sino defender sus derechos laborales tras m\u00e1s de una d\u00e9cada de servicio en comunidades del estado.<\/p>\n<p>Record\u00f3 que adem\u00e1s de impartir clases, durante 10 a\u00f1os estuvo al frente del plantel, cumpliendo con sus responsabilidades acad\u00e9micas y administrativas sin sanciones o se\u00f1alamientos.<\/p>\n<p>\u201cYo siempre cumpl\u00ed con mi trabajo y con la comunidad educativa. Por eso considero que mi despido fue injustificado y quiero que el tribunal revise mi caso\u201d, se\u00f1al\u00f3.<\/p>\n<p>Finalmente, el docente expres\u00f3 su confianza en que las autoridades laborales analicen la situaci\u00f3n y determinen si existieron violaciones a sus derechos como trabajador, luego de m\u00e1s de una d\u00e9cada de servicio en el sistema de telebachillerato comunitario de Veracruz.<\/p>\n","protected":false},"excerpt":{"rendered":"<p>Dar\u00edo Pale Xalapa, Ver.- El docente Francisco Garc\u00eda Hern\u00e1ndez denunci\u00f3 p\u00fablicamente su despido injustificado del telebachillerato comunitario en Veracruz, luego de haber laborado durante 13 a\u00f1os con contratos semestrales consecutivos, situaci\u00f3n por la cual present\u00f3 una demanda ante el Tribunal de Conciliaci\u00f3n y Arbitraje. En conferencia con medios de comunicaci\u00f3n, explic\u00f3 que este 11 de [&hellip;]<\/p>\n","protected":false},"author":2476,"featured_media":75618,"comment_status":"open","ping_status":"open","sticky":false,"template":"","format":"standard","meta":{"_jetpack_memberships_contains_paid_content":false,"footnotes":""},"categories":[2],"tags":[],"class_list":["post-75617","post","type-post","status-publish","format-standard","has-post-thumbnail","hentry","category-estado"],"jetpack_featured_media_url":"https:\/\/encuentroinformativo.com.mx\/wp-content\/uploads\/2026\/03\/IMG-20260311-WA00962.jpg","jetpack_sharing_enabled":true,"jetpack_likes_enabled":true,"amp_enabled":true,"_links":{"self":[{"href":"https:\/\/encuentroinformativo.com.mx\/index.php?rest_route=\/wp\/v2\/posts\/75617","targetHints":{"allow":["GET"]}}],"collection":[{"href":"https:\/\/encuentroinformativo.com.mx\/index.php?rest_route=\/wp\/v2\/posts"}],"about":[{"href":"https:\/\/encuentroinformativo.com.mx\/index.php?rest_route=\/wp\/v2\/types\/post"}],"author":[{"embeddable":true,"href":"https:\/\/encuentroinformativo.com.mx\/index.php?rest_route=\/wp\/v2\/users\/2476"}],"replies":[{"embeddable":true,"href":"https:\/\/encuentroinformativo.com.mx\/index.php?rest_route=%2Fwp%2Fv2%2Fcomments&post=75617"}],"version-history":[{"count":1,"href":"https:\/\/encuentroinformativo.com.mx\/index.php?rest_route=\/wp\/v2\/posts\/75617\/revisions"}],"predecessor-version":[{"id":75619,"href":"https:\/\/encuentroinformativo.com.mx\/index.php?rest_route=\/wp\/v2\/posts\/75617\/revisions\/75619"}],"wp:featuredmedia":[{"embeddable":true,"href":"https:\/\/encuentroinformativo.com.mx\/index.php?rest_route=\/wp\/v2\/media\/75618"}],"wp:attachment":[{"href":"https:\/\/encuentroinformativo.com.mx\/index.php?rest_route=%2Fwp%2Fv2%2Fmedia&parent=75617"}],"wp:term":[{"taxonomy":"category","embeddable":true,"href":"https:\/\/encuentroinformativo.com.mx\/index.php?rest_route=%2Fwp%2Fv2%2Fcategories&post=75617"},{"taxonomy":"post_tag","embeddable":true,"href":"https:\/\/encuentroinformativo.com.mx\/index.php?rest_route=%2Fwp%2Fv2%2Ftags&post=75617"}],"curies":[{"name":"wp","href":"https:\/\/api.w.org\/{rel}","templated":true}]}}