{"id":75632,"date":"2026-03-12T10:24:56","date_gmt":"2026-03-12T16:24:56","guid":{"rendered":"https:\/\/encuentroinformativo.com.mx\/?p=75632"},"modified":"2026-03-12T10:24:56","modified_gmt":"2026-03-12T16:24:56","slug":"con-bloqueos-padres-piden-no-cerrar-guarderia-en-coatepec","status":"publish","type":"post","link":"https:\/\/encuentroinformativo.com.mx\/?p=75632","title":{"rendered":"Con bloqueos, padres piden no cerrar guarder\u00eda en Coatepec"},"content":{"rendered":"<p><strong>Dar\u00edo Pale<\/strong><\/p>\n<p>Xalapa, Ver.- Padres y madres de familia de la Guarder\u00eda Papalote bloquearon este jueves el acceso principal al Pueblo M\u00e1gico para exigir que el centro infantil no sea cerrado, al considerar que la medida afectar\u00eda a decenas de familias trabajadoras que dependen del servicio.<\/p>\n<p>La manifestaci\u00f3n se registr\u00f3 sobre la v\u00eda de entrada y salida al municipio de Coatepec, donde los inconformes cerraron la circulaci\u00f3n en ambos sentidos con pancartas y consignas para demandar la intervenci\u00f3n de las autoridades.<\/p>\n<p>Durante la protesta, los padres se\u00f1alaron que el posible cierre de la guarder\u00eda impactar\u00eda directamente a madres y padres que trabajan y requieren el servicio para el cuidado de sus hijos mientras cumplen con sus jornadas laborales.<\/p>\n<p>Recordaron que un d\u00eda antes tambi\u00e9n se manifestaron en oficinas del Instituto Mexicano del Seguro Social, donde solicitaron que se revise nuevamente la evaluaci\u00f3n aplicada al centro infantil.<\/p>\n<p>De acuerdo con los inconformes, la instituci\u00f3n realiz\u00f3 una evaluaci\u00f3n a la guarder\u00eda mediante una encuesta digital; sin embargo, consideran que el proceso no fue aplicado de forma adecuada. Como resultado de esa medici\u00f3n, el centro obtuvo un punto por debajo del porcentaje requerido para continuar ofreciendo el servicio.<\/p>\n<p>Ante esta situaci\u00f3n, los padres solicitaron que se realice una nueva evaluaci\u00f3n para que la guarder\u00eda pueda continuar operando.<\/p>\n<p>Despu\u00e9s de aproximadamente una hora de bloqueo, los manifestantes decidieron liberar la circulaci\u00f3n, luego de que se les informara que sostendr\u00e1n un di\u00e1logo con autoridades de la delegaci\u00f3n norte del Instituto Mexicano del Seguro Social para revisar la situaci\u00f3n de la guarder\u00eda.<\/p>\n<p>Finalmente los padres de familia se\u00f1alaron que estar\u00e1n atentos a los resultados de la reuni\u00f3n y advirtieron que, en caso de no obtener una soluci\u00f3n favorable, podr\u00edan retomar las movilizaciones.<\/p>\n","protected":false},"excerpt":{"rendered":"<p>Dar\u00edo Pale Xalapa, Ver.- Padres y madres de familia de la Guarder\u00eda Papalote bloquearon este jueves el acceso principal al Pueblo M\u00e1gico para exigir que el centro infantil no sea cerrado, al considerar que la medida afectar\u00eda a decenas de familias trabajadoras que dependen del servicio. La manifestaci\u00f3n se registr\u00f3 sobre la v\u00eda de entrada [&hellip;]<\/p>\n","protected":false},"author":2476,"featured_media":75633,"comment_status":"open","ping_status":"open","sticky":false,"template":"","format":"standard","meta":{"_jetpack_memberships_contains_paid_content":false,"footnotes":""},"categories":[8],"tags":[],"class_list":["post-75632","post","type-post","status-publish","format-standard","has-post-thumbnail","hentry","category-region"],"jetpack_featured_media_url":"https:\/\/encuentroinformativo.com.mx\/wp-content\/uploads\/2026\/03\/IMG-20260312-WA01152.jpg","jetpack_sharing_enabled":true,"jetpack_likes_enabled":true,"amp_enabled":true,"_links":{"self":[{"href":"https:\/\/encuentroinformativo.com.mx\/index.php?rest_route=\/wp\/v2\/posts\/75632","targetHints":{"allow":["GET"]}}],"collection":[{"href":"https:\/\/encuentroinformativo.com.mx\/index.php?rest_route=\/wp\/v2\/posts"}],"about":[{"href":"https:\/\/encuentroinformativo.com.mx\/index.php?rest_route=\/wp\/v2\/types\/post"}],"author":[{"embeddable":true,"href":"https:\/\/encuentroinformativo.com.mx\/index.php?rest_route=\/wp\/v2\/users\/2476"}],"replies":[{"embeddable":true,"href":"https:\/\/encuentroinformativo.com.mx\/index.php?rest_route=%2Fwp%2Fv2%2Fcomments&post=75632"}],"version-history":[{"count":1,"href":"https:\/\/encuentroinformativo.com.mx\/index.php?rest_route=\/wp\/v2\/posts\/75632\/revisions"}],"predecessor-version":[{"id":75634,"href":"https:\/\/encuentroinformativo.com.mx\/index.php?rest_route=\/wp\/v2\/posts\/75632\/revisions\/75634"}],"wp:featuredmedia":[{"embeddable":true,"href":"https:\/\/encuentroinformativo.com.mx\/index.php?rest_route=\/wp\/v2\/media\/75633"}],"wp:attachment":[{"href":"https:\/\/encuentroinformativo.com.mx\/index.php?rest_route=%2Fwp%2Fv2%2Fmedia&parent=75632"}],"wp:term":[{"taxonomy":"category","embeddable":true,"href":"https:\/\/encuentroinformativo.com.mx\/index.php?rest_route=%2Fwp%2Fv2%2Fcategories&post=75632"},{"taxonomy":"post_tag","embeddable":true,"href":"https:\/\/encuentroinformativo.com.mx\/index.php?rest_route=%2Fwp%2Fv2%2Ftags&post=75632"}],"curies":[{"name":"wp","href":"https:\/\/api.w.org\/{rel}","templated":true}]}}