{"id":75647,"date":"2026-03-12T13:23:06","date_gmt":"2026-03-12T19:23:06","guid":{"rendered":"https:\/\/encuentroinformativo.com.mx\/?p=75647"},"modified":"2026-03-12T13:23:06","modified_gmt":"2026-03-12T19:23:06","slug":"por-riesgo-de-caida-de-ramas-delimita-pc-areas-de-parques","status":"publish","type":"post","link":"https:\/\/encuentroinformativo.com.mx\/?p=75647","title":{"rendered":"Por riesgo de ca\u00edda de ramas, delimita PC \u00e1reas de parques"},"content":{"rendered":"<p><strong>Dar\u00edo Pale<\/strong><\/p>\n<p>Xalapa, Ver.- Personal de Protecci\u00f3n Civil Municipal realiz\u00f3 labores de delimitaci\u00f3n en distintos parques de Xalapa debido al riesgo de ca\u00edda de ramas provocado por los vientos asociados a un frente fr\u00edo.<\/p>\n<p>Durante la jornada del programa Jueves del Pueblo, trabajadores del \u00e1rea se\u00f1alaron que su participaci\u00f3n consiste principalmente en acordonar zonas donde se detecta riesgo por \u00e1rboles, con el objetivo de prevenir accidentes entre la poblaci\u00f3n que acude a estos espacios p\u00fablicos.<\/p>\n<p>De acuerdo con uno de los integrantes del operativo, las acciones se enfocan en delimitar \u00e1reas por el peligro que representan algunas ramas ante las condiciones de viento.<\/p>\n<p>\u201cNos mandan a delimitar por el riesgo de las ramas; es lo \u00fanico que venimos a hacer. Tambi\u00e9n venimos a atender el evento de Jueves del Pueblo\u201d, coment\u00f3.<\/p>\n<p>Explic\u00f3 que las labores no se limitan a un solo sitio, ya que brigadas se encuentran distribuidas en varios puntos de la ciudad, principalmente en parques con alta afluencia.<\/p>\n<p>Entre los espacios atendidos se encuentran el Parque Ju\u00e1rez y el Parque Los Berros, donde los equipos de Protecci\u00f3n Civil comenzaron a organizarse para atender cualquier eventualidad.<\/p>\n<p>Asimismo, indicaron que el personal se mantiene en preparaci\u00f3n para acudir a otros puntos donde se requiera apoyo conforme avance el operativo preventivo por el frente fr\u00edo.<\/p>\n<p>Finalmente, hicieron un llamado a la ciudadan\u00eda para atender las indicaciones de seguridad y respetar las zonas delimitadas.<\/p>\n<p>\u201cQue se cuiden de las ramas, est\u00e1 corriendo el viento y si no es necesario salir de casa, pues que no salgan\u201d, recomend\u00f3 el trabajador municipal.<\/p>\n","protected":false},"excerpt":{"rendered":"<p>Dar\u00edo Pale Xalapa, Ver.- Personal de Protecci\u00f3n Civil Municipal realiz\u00f3 labores de delimitaci\u00f3n en distintos parques de Xalapa debido al riesgo de ca\u00edda de ramas provocado por los vientos asociados a un frente fr\u00edo. Durante la jornada del programa Jueves del Pueblo, trabajadores del \u00e1rea se\u00f1alaron que su participaci\u00f3n consiste principalmente en acordonar zonas donde [&hellip;]<\/p>\n","protected":false},"author":2476,"featured_media":75648,"comment_status":"open","ping_status":"open","sticky":false,"template":"","format":"standard","meta":{"_jetpack_memberships_contains_paid_content":false,"footnotes":""},"categories":[3],"tags":[],"class_list":["post-75647","post","type-post","status-publish","format-standard","has-post-thumbnail","hentry","category-xalapa"],"jetpack_featured_media_url":"https:\/\/encuentroinformativo.com.mx\/wp-content\/uploads\/2026\/03\/IMG-20260312-WA02501.jpg","jetpack_sharing_enabled":true,"jetpack_likes_enabled":true,"amp_enabled":true,"_links":{"self":[{"href":"https:\/\/encuentroinformativo.com.mx\/index.php?rest_route=\/wp\/v2\/posts\/75647","targetHints":{"allow":["GET"]}}],"collection":[{"href":"https:\/\/encuentroinformativo.com.mx\/index.php?rest_route=\/wp\/v2\/posts"}],"about":[{"href":"https:\/\/encuentroinformativo.com.mx\/index.php?rest_route=\/wp\/v2\/types\/post"}],"author":[{"embeddable":true,"href":"https:\/\/encuentroinformativo.com.mx\/index.php?rest_route=\/wp\/v2\/users\/2476"}],"replies":[{"embeddable":true,"href":"https:\/\/encuentroinformativo.com.mx\/index.php?rest_route=%2Fwp%2Fv2%2Fcomments&post=75647"}],"version-history":[{"count":1,"href":"https:\/\/encuentroinformativo.com.mx\/index.php?rest_route=\/wp\/v2\/posts\/75647\/revisions"}],"predecessor-version":[{"id":75649,"href":"https:\/\/encuentroinformativo.com.mx\/index.php?rest_route=\/wp\/v2\/posts\/75647\/revisions\/75649"}],"wp:featuredmedia":[{"embeddable":true,"href":"https:\/\/encuentroinformativo.com.mx\/index.php?rest_route=\/wp\/v2\/media\/75648"}],"wp:attachment":[{"href":"https:\/\/encuentroinformativo.com.mx\/index.php?rest_route=%2Fwp%2Fv2%2Fmedia&parent=75647"}],"wp:term":[{"taxonomy":"category","embeddable":true,"href":"https:\/\/encuentroinformativo.com.mx\/index.php?rest_route=%2Fwp%2Fv2%2Fcategories&post=75647"},{"taxonomy":"post_tag","embeddable":true,"href":"https:\/\/encuentroinformativo.com.mx\/index.php?rest_route=%2Fwp%2Fv2%2Ftags&post=75647"}],"curies":[{"name":"wp","href":"https:\/\/api.w.org\/{rel}","templated":true}]}}