{"id":75650,"date":"2026-03-12T14:23:01","date_gmt":"2026-03-12T20:23:01","guid":{"rendered":"https:\/\/encuentroinformativo.com.mx\/?p=75650"},"modified":"2026-03-12T14:23:01","modified_gmt":"2026-03-12T20:23:01","slug":"invitan-a-evento-con-causa-tercera-edicion-de-la-carrera-down","status":"publish","type":"post","link":"https:\/\/encuentroinformativo.com.mx\/?p=75650","title":{"rendered":"Invitan a evento con causa, tercera edici\u00f3n de la Carrera Down"},"content":{"rendered":"<p><strong>Dar\u00edo Pale<\/strong><\/p>\n<p>Xalapa, Ver.- Padres de familia y docentes del Centro de Atenci\u00f3n M\u00faltiple No. 68 invitaron a la poblaci\u00f3n xalape\u00f1a a participar en la tercera edici\u00f3n de la Carrera Down, un evento con causa que busca recaudar recursos para mejorar las condiciones del plantel y al mismo tiempo promover la inclusi\u00f3n de personas con discapacidad.<\/p>\n<p>Durante la presentaci\u00f3n, Violeta Su\u00e1stegui, maestra del plantel, explic\u00f3 que la actividad se realizar\u00e1 el pr\u00f3ximo 22 de marzo a las 8:30 de la ma\u00f1ana en el Estadio Xalape\u00f1o Heriberto Jara Corona, en el marco del D\u00eda Mundial del S\u00edndrome de Down, que se conmemora cada 21 de marzo.<\/p>\n<p>\u201cQueremos invitar a todos a nuestra tercera edici\u00f3n de la Carrera Down. Es una carrera con causa a beneficio de nuestra instituci\u00f3n, el CAM 68, donde atendemos a alumnos con diferentes discapacidades\u201d, se\u00f1al\u00f3.<\/p>\n<p>En el Centro de Atenci\u00f3n M\u00faltiple No. 68 se brinda atenci\u00f3n educativa desde nivel inicial hasta formaci\u00f3n para el trabajo, atendiendo a estudiantes con diversas condiciones, entre ellas s\u00edndrome de Down, discapacidad auditiva, discapacidad intelectual, discapacidad motora y trastornos del espectro autista.<\/p>\n<p>De acuerdo con Ana Laura Campos, madre de familia del plantel, la instituci\u00f3n recibe a estudiantes desde beb\u00e9s hasta adultos, quienes son atendidos de acuerdo con sus caracter\u00edsticas y necesidades educativas.<\/p>\n<p>\u201cTenemos educaci\u00f3n inicial, preescolar, primaria, secundaria y formaci\u00f3n laboral, donde preparamos a los alumnos para incorporarse a un puesto de trabajo\u201d, explic\u00f3.<\/p>\n<p>Actualmente, los estudiantes reciben capacitaci\u00f3n principalmente en \u00e1reas como cocina y mantenimiento de oficinas.<\/p>\n<p>Por su parte, Eduardo Medina Castillo, presidente de la Sociedad de Padres de Familia del plantel, indic\u00f3 que el objetivo principal del evento es recaudar fondos para mejoras en la escuela, adem\u00e1s de fomentar la visibilizaci\u00f3n de las personas con discapacidad en la sociedad.<\/p>\n<p>\u201cEl objetivo tambi\u00e9n es visibilizar a las personas con discapacidad. Muchas familias trabajan por la inclusi\u00f3n, y este evento no solo es deportivo, tambi\u00e9n es una forma de que la sociedad conozca esa realidad\u201d, coment\u00f3.<\/p>\n<p>La inscripci\u00f3n tiene un costo de 150 pesos por persona y est\u00e1 abierta al p\u00fablico en general, incluyendo familias completas que deseen correr, trotar o caminar.<\/p>\n<p>Como parte del mensaje de inclusi\u00f3n, los organizadores invitan a los participantes a asistir con calcetas de diferentes colores o impares, un s\u00edmbolo relacionado con la conmemoraci\u00f3n del D\u00eda Mundial del S\u00edndrome de Down, que hace referencia a la trisom\u00eda del cromosoma 21.<\/p>\n<p>Las personas interesadas pueden solicitar informaci\u00f3n e inscribirse a trav\u00e9s del tel\u00e9fono 2285-0201-84. Los folios para participar se entregar\u00e1n el 21 de marzo en un horario de 15:00 a 17:00 horas.<\/p>\n<p>Los organizadores destacaron que en ediciones anteriores han contado con la participaci\u00f3n de alrededor de 150 personas, adem\u00e1s de estudiantes del CAM, y subrayaron que el evento se desarrolla en un ambiente familiar, con rifas y actividades recreativas apoyadas por patrocinadores locales.<\/p>\n<p>Finalmente, reiteraron la invitaci\u00f3n a la poblaci\u00f3n xalape\u00f1a para sumarse a esta iniciativa que combina deporte, convivencia y apoyo a la inclusi\u00f3n social.<\/p>\n","protected":false},"excerpt":{"rendered":"<p>Dar\u00edo Pale Xalapa, Ver.- Padres de familia y docentes del Centro de Atenci\u00f3n M\u00faltiple No. 68 invitaron a la poblaci\u00f3n xalape\u00f1a a participar en la tercera edici\u00f3n de la Carrera Down, un evento con causa que busca recaudar recursos para mejorar las condiciones del plantel y al mismo tiempo promover la inclusi\u00f3n de personas con [&hellip;]<\/p>\n","protected":false},"author":2476,"featured_media":75651,"comment_status":"open","ping_status":"open","sticky":false,"template":"","format":"standard","meta":{"_jetpack_memberships_contains_paid_content":false,"footnotes":""},"categories":[3],"tags":[],"class_list":["post-75650","post","type-post","status-publish","format-standard","has-post-thumbnail","hentry","category-xalapa"],"jetpack_featured_media_url":"https:\/\/encuentroinformativo.com.mx\/wp-content\/uploads\/2026\/03\/IMG-20260312-WA0320.jpg","jetpack_sharing_enabled":true,"jetpack_likes_enabled":true,"amp_enabled":true,"_links":{"self":[{"href":"https:\/\/encuentroinformativo.com.mx\/index.php?rest_route=\/wp\/v2\/posts\/75650","targetHints":{"allow":["GET"]}}],"collection":[{"href":"https:\/\/encuentroinformativo.com.mx\/index.php?rest_route=\/wp\/v2\/posts"}],"about":[{"href":"https:\/\/encuentroinformativo.com.mx\/index.php?rest_route=\/wp\/v2\/types\/post"}],"author":[{"embeddable":true,"href":"https:\/\/encuentroinformativo.com.mx\/index.php?rest_route=\/wp\/v2\/users\/2476"}],"replies":[{"embeddable":true,"href":"https:\/\/encuentroinformativo.com.mx\/index.php?rest_route=%2Fwp%2Fv2%2Fcomments&post=75650"}],"version-history":[{"count":1,"href":"https:\/\/encuentroinformativo.com.mx\/index.php?rest_route=\/wp\/v2\/posts\/75650\/revisions"}],"predecessor-version":[{"id":75652,"href":"https:\/\/encuentroinformativo.com.mx\/index.php?rest_route=\/wp\/v2\/posts\/75650\/revisions\/75652"}],"wp:featuredmedia":[{"embeddable":true,"href":"https:\/\/encuentroinformativo.com.mx\/index.php?rest_route=\/wp\/v2\/media\/75651"}],"wp:attachment":[{"href":"https:\/\/encuentroinformativo.com.mx\/index.php?rest_route=%2Fwp%2Fv2%2Fmedia&parent=75650"}],"wp:term":[{"taxonomy":"category","embeddable":true,"href":"https:\/\/encuentroinformativo.com.mx\/index.php?rest_route=%2Fwp%2Fv2%2Fcategories&post=75650"},{"taxonomy":"post_tag","embeddable":true,"href":"https:\/\/encuentroinformativo.com.mx\/index.php?rest_route=%2Fwp%2Fv2%2Ftags&post=75650"}],"curies":[{"name":"wp","href":"https:\/\/api.w.org\/{rel}","templated":true}]}}