{"id":75653,"date":"2026-03-12T15:20:04","date_gmt":"2026-03-12T21:20:04","guid":{"rendered":"https:\/\/encuentroinformativo.com.mx\/?p=75653"},"modified":"2026-03-12T15:20:04","modified_gmt":"2026-03-12T21:20:04","slug":"incrementan-casos-de-incendios-de-pastizales-bomberos","status":"publish","type":"post","link":"https:\/\/encuentroinformativo.com.mx\/?p=75653","title":{"rendered":"Incrementan casos de incendios de pastizales: Bomberos"},"content":{"rendered":"<p><strong>Dar\u00edo Pale<\/strong><\/p>\n<p>Xalapa, Ver.- El incremento de incendios de pastizales en la regi\u00f3n de Xalapa ya comienza a registrarse desde las primeras semanas de la temporada, inform\u00f3 el primer comandante del Heroico Cuerpo de Bomberos de Xalapa, Jos\u00e9 Luis Acosta Hern\u00e1ndez.<\/p>\n<p>El jefe de bomberos explic\u00f3 que actualmente se atienden entre cuatro y cinco reportes diarios relacionados con este tipo de siniestros, los cuales suelen originarse por quemas de pastizales que se salen de control.<\/p>\n<p>Detall\u00f3 que las condiciones clim\u00e1ticas han favorecido la propagaci\u00f3n del fuego, ya que las bajas temperaturas registradas semanas atr\u00e1s, seguidas del incremento en el calor, provocan que el pasto se seque con mayor rapidez.<\/p>\n<p>\u201cLas bajas temperaturas y el aumento del calor hacen que el pasto se seque, lo que facilita que el fuego se propague m\u00e1s r\u00e1pido\u201d, se\u00f1al\u00f3.<\/p>\n<p>A\u00f1adi\u00f3 que el riesgo aumenta cuando las quemas se realizan por la tarde, momento en el que con frecuencia se presentan rachas de viento que avivan las llamas y provocan que se extiendan a otras \u00e1reas.<\/p>\n<p>Acosta Hern\u00e1ndez indic\u00f3 que en muchos casos las quemas son provocadas por personas que buscan limpiar terrenos sin tomar las medidas de control necesarias, lo que puede poner en peligro viviendas ubicadas dentro o cerca de predios con pastizales.<\/p>\n<p>Ante esta situaci\u00f3n, hizo un llamado a los ayuntamientos de la regi\u00f3n para reforzar la supervisi\u00f3n y, en su caso, aplicar sanciones a quienes realicen quemas sin control.<\/p>\n<p>Por otra parte, el comandante de bomberos advirti\u00f3 que durante el pr\u00f3ximo periodo vacacional de Semana Santa podr\u00eda registrarse un incremento de entre 35 y 40 por ciento en accidentes viales.<\/p>\n<p>Explic\u00f3 que la mayor\u00eda de estos percances se relacionan con el exceso de velocidad y la conducci\u00f3n bajo los efectos del alcohol, por lo que exhort\u00f3 a los automovilistas a respetar los l\u00edmites de velocidad y evitar manejar en estado de ebriedad para prevenir tragedias.<\/p>\n","protected":false},"excerpt":{"rendered":"<p>Dar\u00edo Pale Xalapa, Ver.- El incremento de incendios de pastizales en la regi\u00f3n de Xalapa ya comienza a registrarse desde las primeras semanas de la temporada, inform\u00f3 el primer comandante del Heroico Cuerpo de Bomberos de Xalapa, Jos\u00e9 Luis Acosta Hern\u00e1ndez. El jefe de bomberos explic\u00f3 que actualmente se atienden entre cuatro y cinco reportes [&hellip;]<\/p>\n","protected":false},"author":2476,"featured_media":75654,"comment_status":"open","ping_status":"open","sticky":false,"template":"","format":"standard","meta":{"_jetpack_memberships_contains_paid_content":false,"footnotes":""},"categories":[3],"tags":[],"class_list":["post-75653","post","type-post","status-publish","format-standard","has-post-thumbnail","hentry","category-xalapa"],"jetpack_featured_media_url":"https:\/\/encuentroinformativo.com.mx\/wp-content\/uploads\/2026\/03\/IMG-20260312-WA0347.jpg","jetpack_sharing_enabled":true,"jetpack_likes_enabled":true,"amp_enabled":true,"_links":{"self":[{"href":"https:\/\/encuentroinformativo.com.mx\/index.php?rest_route=\/wp\/v2\/posts\/75653","targetHints":{"allow":["GET"]}}],"collection":[{"href":"https:\/\/encuentroinformativo.com.mx\/index.php?rest_route=\/wp\/v2\/posts"}],"about":[{"href":"https:\/\/encuentroinformativo.com.mx\/index.php?rest_route=\/wp\/v2\/types\/post"}],"author":[{"embeddable":true,"href":"https:\/\/encuentroinformativo.com.mx\/index.php?rest_route=\/wp\/v2\/users\/2476"}],"replies":[{"embeddable":true,"href":"https:\/\/encuentroinformativo.com.mx\/index.php?rest_route=%2Fwp%2Fv2%2Fcomments&post=75653"}],"version-history":[{"count":1,"href":"https:\/\/encuentroinformativo.com.mx\/index.php?rest_route=\/wp\/v2\/posts\/75653\/revisions"}],"predecessor-version":[{"id":75655,"href":"https:\/\/encuentroinformativo.com.mx\/index.php?rest_route=\/wp\/v2\/posts\/75653\/revisions\/75655"}],"wp:featuredmedia":[{"embeddable":true,"href":"https:\/\/encuentroinformativo.com.mx\/index.php?rest_route=\/wp\/v2\/media\/75654"}],"wp:attachment":[{"href":"https:\/\/encuentroinformativo.com.mx\/index.php?rest_route=%2Fwp%2Fv2%2Fmedia&parent=75653"}],"wp:term":[{"taxonomy":"category","embeddable":true,"href":"https:\/\/encuentroinformativo.com.mx\/index.php?rest_route=%2Fwp%2Fv2%2Fcategories&post=75653"},{"taxonomy":"post_tag","embeddable":true,"href":"https:\/\/encuentroinformativo.com.mx\/index.php?rest_route=%2Fwp%2Fv2%2Ftags&post=75653"}],"curies":[{"name":"wp","href":"https:\/\/api.w.org\/{rel}","templated":true}]}}