{"id":75668,"date":"2026-03-13T11:03:24","date_gmt":"2026-03-13T17:03:24","guid":{"rendered":"https:\/\/encuentroinformativo.com.mx\/?p=75668"},"modified":"2026-03-13T11:03:24","modified_gmt":"2026-03-13T17:03:24","slug":"realizan-feria-del-empleo-en-xalapa","status":"publish","type":"post","link":"https:\/\/encuentroinformativo.com.mx\/?p=75668","title":{"rendered":"Realizan Feria del Empleo en Xalapa"},"content":{"rendered":"<p><strong>Dar\u00edo Pale<\/strong><\/p>\n<p>Xalapa, Ver.- Con la participaci\u00f3n de m\u00e1s de 40 empresas, el Ayuntamiento de Xalapa llev\u00f3 a cabo la Primera Feria Municipal del Empleo 2026, con el objetivo de acercar oportunidades laborales a la poblaci\u00f3n y fortalecer la vinculaci\u00f3n entre el sector empresarial y quienes buscan un trabajo formal.<\/p>\n<p>El director de Desarrollo Econ\u00f3mico del Ayuntamiento, Fernando Arana Watty, explic\u00f3 que en este encuentro participan empresas locales y algunas de car\u00e1cter nacional que cuentan con sucursales en la capital veracruzana, las cuales ofertan diversas vacantes.<\/p>\n<p>Detall\u00f3 que la din\u00e1mica de la feria permite a los asistentes entregar curr\u00edculums y realizar entrevistas directamente con las empresas participantes, lo que facilita el proceso de contrataci\u00f3n.<\/p>\n<p>\u201cHoy tenemos la primera Feria Municipal del Empleo 2026 que re\u00fane a m\u00e1s de 40 empresas que est\u00e1n buscando personal. Es un trato directo para la entrega de curr\u00edculums o incluso entrevistas, lo cual creemos que es una herramienta importante para vincular al sector empresarial con las personas que buscan cumplir el sue\u00f1o de tener un trabajo formal\u201d, se\u00f1al\u00f3.<\/p>\n<p>Indic\u00f3 que uno de los objetivos es impulsar empleos con prestaciones de ley y salarios competitivos, adem\u00e1s de fomentar el desarrollo laboral en la capital del estado.<\/p>\n<p>En cuanto al n\u00famero de vacantes, coment\u00f3 que cada empresa maneja distintas ofertas laborales y que, por ejemplo, el \u00e1rea de Seguridad Ciudadana mantiene abierta una cartera de m\u00e1s de 40 plazas, aunque el n\u00famero final de contrataciones depender\u00e1 del perfil y las cualidades de los aspirantes.<\/p>\n<p>Respecto a los salarios, el funcionario municipal explic\u00f3 que estos var\u00edan dependiendo del puesto, la experiencia laboral y el perfil requerido por cada empresa.<\/p>\n<p>\u201cSon muy diversos, porque tambi\u00e9n son distintos los curr\u00edculums que se solicitan y la experiencia que tenga cada persona; por eso creemos que hay oportunidades para diferentes perfiles\u201d, coment\u00f3.<\/p>\n<p>Arana Watty reconoci\u00f3 que actualmente no cuentan con cifras precisas sobre el \u00edndice de desempleo en Xalapa, aunque asegur\u00f3 que existe una poblaci\u00f3n interesada en trabajar, as\u00ed como personas que optan por emprender o autoemplearse.<\/p>\n<p>En ese sentido, destac\u00f3 que el empleo formal brinda estabilidad, prestaciones m\u00e9dicas, seguridad social y la posibilidad de una jubilaci\u00f3n, por lo que es importante que la poblaci\u00f3n tambi\u00e9n considere esta opci\u00f3n.<\/p>\n<p>El director de Desarrollo Econ\u00f3mico se\u00f1al\u00f3 adem\u00e1s que el Ayuntamiento ha impulsado cursos de capacitaci\u00f3n dirigidos a emprendedores, con el fin de que sus negocios logren consolidarse y permanezcan en el mercado.<\/p>\n<p>Explic\u00f3 que estas capacitaciones incluyen temas administrativos, contables, de marca y proyecci\u00f3n de productos, debido a que muchos emprendedores abandonan sus proyectos por falta de acompa\u00f1amiento o formaci\u00f3n.<\/p>\n<p>Durante el presente a\u00f1o, dijo, se han realizado entre siete y ocho capacitaciones o foros con la participaci\u00f3n de m\u00e1s de 50 personas, e incluso algunos eventos han reunido a m\u00e1s de 80 asistentes, utilizando espacios como el Centro Recreativo Xalape\u00f1o.<\/p>\n<p>Asimismo, mencion\u00f3 que en coordinaci\u00f3n con diversas instancias se han impartido cursos b\u00e1sicos de cocina, corte de cabello y otras actividades productivas para personas interesadas en iniciar un negocio.<\/p>\n<p>Por otra parte, al ser cuestionado sobre las quejas vecinales relacionadas con el tianguis de la colonia Atzacoalco, Arana Watty inform\u00f3 que el Ayuntamiento sostuvo reuniones con los tres l\u00edderes que administran dicho espacio comercial.<\/p>\n<p>Explic\u00f3 que el objetivo es mantener un monitoreo de los comerciantes, verificar las dimensiones de los espacios que ocupan y garantizar el respeto a las calles y a los vecinos.<\/p>\n<p>Tambi\u00e9n se han realizado reuniones con representantes vecinales para conocer sus inconformidades y buscar acuerdos que permitan que el tianguis opere dentro de los espacios autorizados.<\/p>\n<p>Finalmente, indic\u00f3 que se revisa que los comerciantes cuenten con su refrendo correspondiente al a\u00f1o 2026 y que respeten tanto los lugares asignados como los productos que tienen permitido vender.<\/p>\n","protected":false},"excerpt":{"rendered":"<p>Dar\u00edo Pale Xalapa, Ver.- Con la participaci\u00f3n de m\u00e1s de 40 empresas, el Ayuntamiento de Xalapa llev\u00f3 a cabo la Primera Feria Municipal del Empleo 2026, con el objetivo de acercar oportunidades laborales a la poblaci\u00f3n y fortalecer la vinculaci\u00f3n entre el sector empresarial y quienes buscan un trabajo formal. El director de Desarrollo Econ\u00f3mico [&hellip;]<\/p>\n","protected":false},"author":2476,"featured_media":75669,"comment_status":"open","ping_status":"open","sticky":false,"template":"","format":"standard","meta":{"_jetpack_memberships_contains_paid_content":false,"footnotes":""},"categories":[3],"tags":[],"class_list":["post-75668","post","type-post","status-publish","format-standard","has-post-thumbnail","hentry","category-xalapa"],"jetpack_featured_media_url":"https:\/\/encuentroinformativo.com.mx\/wp-content\/uploads\/2026\/03\/IMG-20260313-WA0044.jpg","jetpack_sharing_enabled":true,"jetpack_likes_enabled":true,"amp_enabled":true,"_links":{"self":[{"href":"https:\/\/encuentroinformativo.com.mx\/index.php?rest_route=\/wp\/v2\/posts\/75668","targetHints":{"allow":["GET"]}}],"collection":[{"href":"https:\/\/encuentroinformativo.com.mx\/index.php?rest_route=\/wp\/v2\/posts"}],"about":[{"href":"https:\/\/encuentroinformativo.com.mx\/index.php?rest_route=\/wp\/v2\/types\/post"}],"author":[{"embeddable":true,"href":"https:\/\/encuentroinformativo.com.mx\/index.php?rest_route=\/wp\/v2\/users\/2476"}],"replies":[{"embeddable":true,"href":"https:\/\/encuentroinformativo.com.mx\/index.php?rest_route=%2Fwp%2Fv2%2Fcomments&post=75668"}],"version-history":[{"count":1,"href":"https:\/\/encuentroinformativo.com.mx\/index.php?rest_route=\/wp\/v2\/posts\/75668\/revisions"}],"predecessor-version":[{"id":75670,"href":"https:\/\/encuentroinformativo.com.mx\/index.php?rest_route=\/wp\/v2\/posts\/75668\/revisions\/75670"}],"wp:featuredmedia":[{"embeddable":true,"href":"https:\/\/encuentroinformativo.com.mx\/index.php?rest_route=\/wp\/v2\/media\/75669"}],"wp:attachment":[{"href":"https:\/\/encuentroinformativo.com.mx\/index.php?rest_route=%2Fwp%2Fv2%2Fmedia&parent=75668"}],"wp:term":[{"taxonomy":"category","embeddable":true,"href":"https:\/\/encuentroinformativo.com.mx\/index.php?rest_route=%2Fwp%2Fv2%2Fcategories&post=75668"},{"taxonomy":"post_tag","embeddable":true,"href":"https:\/\/encuentroinformativo.com.mx\/index.php?rest_route=%2Fwp%2Fv2%2Ftags&post=75668"}],"curies":[{"name":"wp","href":"https:\/\/api.w.org\/{rel}","templated":true}]}}