{"id":75677,"date":"2026-03-13T13:22:32","date_gmt":"2026-03-13T19:22:32","guid":{"rendered":"https:\/\/encuentroinformativo.com.mx\/?p=75677"},"modified":"2026-03-13T13:22:32","modified_gmt":"2026-03-13T19:22:32","slug":"veracruz-con-menor-tasa-de-desempleo-santiago-martinez","status":"publish","type":"post","link":"https:\/\/encuentroinformativo.com.mx\/?p=75677","title":{"rendered":"Veracruz con menor tasa de desempleo: Santiago Mart\u00ednez"},"content":{"rendered":"<p><strong>Dar\u00edo Pale<\/strong><\/p>\n<p>Xalapa, Ver.- El titular de la Secretar\u00eda del Trabajo, Previsi\u00f3n Social y Productividad de Veracruz, Luis Arturo Santiago Mart\u00ednez, inform\u00f3 que la entidad se encuentra entre los estados con menor desempleo a nivel nacional, al ocupar el cuarto lugar con la tasa m\u00e1s baja de desocupaci\u00f3n.<\/p>\n<p>De acuerdo con el funcionario, mientras que la media nacional de desempleo se ubica en 2.5 por ciento, en Veracruz el indicador es de 1.9 por ciento, lo que significa que m\u00e1s del 98.1 por ciento de la poblaci\u00f3n econ\u00f3micamente activa cuenta actualmente con un empleo.<\/p>\n<p>Santiago Mart\u00ednez se\u00f1al\u00f3 que estos resultados se deben en gran medida al esfuerzo de la poblaci\u00f3n trabajadora, as\u00ed como a la llegada de inversiones p\u00fablicas y privadas que han permitido la generaci\u00f3n de nuevas fuentes laborales en distintas regiones del estado.<\/p>\n<p>Asimismo, destac\u00f3 que programas como las ferias del empleo, organizadas en coordinaci\u00f3n con diversos ayuntamientos, han contribuido a ampliar las oportunidades laborales para la poblaci\u00f3n veracruzana.<\/p>\n<p>En cuanto al tema de la informalidad laboral, reconoci\u00f3 que se trata de un problema hist\u00f3rico que contin\u00faa representando un reto para la entidad. No obstante, asegur\u00f3 que en los \u00faltimos periodos se ha logrado reducir aproximadamente en un dos por ciento.<\/p>\n<p>El secretario agreg\u00f3 que la dependencia mantiene mesas de di\u00e1logo con empresarios en distintas regiones del estado para analizar la implementaci\u00f3n gradual de la jornada laboral de 40 horas.<\/p>\n<p>De manera paralela, indic\u00f3 que la Secretar\u00eda del Trabajo tambi\u00e9n supervisa el cumplimiento de la llamada Ley Silla, normativa que busca garantizar condiciones dignas para los trabajadores.<\/p>\n<p>Para ello, explic\u00f3 que inspectores laborales realizan recorridos en diversos establecimientos con el fin de verificar que se respete esta disposici\u00f3n, cuyas sanciones por incumplimiento pueden ir desde los 5 mil hasta los 500 mil pesos.<\/p>\n","protected":false},"excerpt":{"rendered":"<p>Dar\u00edo Pale Xalapa, Ver.- El titular de la Secretar\u00eda del Trabajo, Previsi\u00f3n Social y Productividad de Veracruz, Luis Arturo Santiago Mart\u00ednez, inform\u00f3 que la entidad se encuentra entre los estados con menor desempleo a nivel nacional, al ocupar el cuarto lugar con la tasa m\u00e1s baja de desocupaci\u00f3n. De acuerdo con el funcionario, mientras que [&hellip;]<\/p>\n","protected":false},"author":2476,"featured_media":75680,"comment_status":"open","ping_status":"open","sticky":false,"template":"","format":"standard","meta":{"_jetpack_memberships_contains_paid_content":false,"footnotes":""},"categories":[2],"tags":[],"class_list":["post-75677","post","type-post","status-publish","format-standard","has-post-thumbnail","hentry","category-estado"],"jetpack_featured_media_url":"https:\/\/encuentroinformativo.com.mx\/wp-content\/uploads\/2026\/03\/IMG-20260313-WA00913.jpg","jetpack_sharing_enabled":true,"jetpack_likes_enabled":true,"amp_enabled":true,"_links":{"self":[{"href":"https:\/\/encuentroinformativo.com.mx\/index.php?rest_route=\/wp\/v2\/posts\/75677","targetHints":{"allow":["GET"]}}],"collection":[{"href":"https:\/\/encuentroinformativo.com.mx\/index.php?rest_route=\/wp\/v2\/posts"}],"about":[{"href":"https:\/\/encuentroinformativo.com.mx\/index.php?rest_route=\/wp\/v2\/types\/post"}],"author":[{"embeddable":true,"href":"https:\/\/encuentroinformativo.com.mx\/index.php?rest_route=\/wp\/v2\/users\/2476"}],"replies":[{"embeddable":true,"href":"https:\/\/encuentroinformativo.com.mx\/index.php?rest_route=%2Fwp%2Fv2%2Fcomments&post=75677"}],"version-history":[{"count":2,"href":"https:\/\/encuentroinformativo.com.mx\/index.php?rest_route=\/wp\/v2\/posts\/75677\/revisions"}],"predecessor-version":[{"id":75681,"href":"https:\/\/encuentroinformativo.com.mx\/index.php?rest_route=\/wp\/v2\/posts\/75677\/revisions\/75681"}],"wp:featuredmedia":[{"embeddable":true,"href":"https:\/\/encuentroinformativo.com.mx\/index.php?rest_route=\/wp\/v2\/media\/75680"}],"wp:attachment":[{"href":"https:\/\/encuentroinformativo.com.mx\/index.php?rest_route=%2Fwp%2Fv2%2Fmedia&parent=75677"}],"wp:term":[{"taxonomy":"category","embeddable":true,"href":"https:\/\/encuentroinformativo.com.mx\/index.php?rest_route=%2Fwp%2Fv2%2Fcategories&post=75677"},{"taxonomy":"post_tag","embeddable":true,"href":"https:\/\/encuentroinformativo.com.mx\/index.php?rest_route=%2Fwp%2Fv2%2Ftags&post=75677"}],"curies":[{"name":"wp","href":"https:\/\/api.w.org\/{rel}","templated":true}]}}