{"id":75685,"date":"2026-03-13T14:18:38","date_gmt":"2026-03-13T20:18:38","guid":{"rendered":"https:\/\/encuentroinformativo.com.mx\/?p=75685"},"modified":"2026-03-13T14:18:38","modified_gmt":"2026-03-13T20:18:38","slug":"protestan-en-colonia-de-veracruz-puerto-tras-desaparicion-de-menor-de-de-12-anos","status":"publish","type":"post","link":"https:\/\/encuentroinformativo.com.mx\/?p=75685","title":{"rendered":"Protestan en colonia de Veracruz puerto tras desaparici\u00f3n de menor de de 12 a\u00f1os"},"content":{"rendered":"<p><strong>Alejandro \u00c1vila<\/strong><\/p>\n<p>Veracruz, Ver.- Familiares, amigos y vecinos de la peque\u00f1a, Camila Reina Reyes de 12 a\u00f1os de edad, se manifestaron y caminaron por las calles del fraccionamiento Hacienda Sotavento, a un costado del aeropuerto de Veracruz, pues exigen a las autoridades aumentar el espectro de b\u00fasqueda hacia Chiapas.<\/p>\n<p>Decenas de personas se manifestaron a las afueras de la secundaria &#8220;Lilia Berthely&#8221;, donde dieron a conocer que la peque\u00f1a lleva desaparecida 4 d\u00edas y, presuntamente, se alej\u00f3 de su hogar con base en enga\u00f1os de un joven de 19 a\u00f1os.<\/p>\n<p>Se presume que qui\u00e9n rapt\u00f3 a la menor es un muchacho de nombre Rafael, quien trabaj\u00f3 con la familia en su puesto de tacos; los familiares se\u00f1alaron que el joven la acosaba v\u00eda telef\u00f3nica, y a pesar de haberlo confrontado para que se alejara de ella, de alguna manera logr\u00f3 convencerla para escapar juntos.<\/p>\n<p>Los familiares presentaron una denuncia ante la Fiscal\u00eda de Veracruz y solicitaron que las investigaciones se extiendan al Estado de Chiapas, ya que el joven es oriundo de aquellas tierras.<\/p>\n","protected":false},"excerpt":{"rendered":"<p>Alejandro \u00c1vila Veracruz, Ver.- Familiares, amigos y vecinos de la peque\u00f1a, Camila Reina Reyes de 12 a\u00f1os de edad, se manifestaron y caminaron por las calles del fraccionamiento Hacienda Sotavento, a un costado del aeropuerto de Veracruz, pues exigen a las autoridades aumentar el espectro de b\u00fasqueda hacia Chiapas. Decenas de personas se manifestaron a [&hellip;]<\/p>\n","protected":false},"author":2476,"featured_media":75686,"comment_status":"open","ping_status":"open","sticky":false,"template":"","format":"standard","meta":{"_jetpack_memberships_contains_paid_content":false,"footnotes":""},"categories":[2],"tags":[],"class_list":["post-75685","post","type-post","status-publish","format-standard","has-post-thumbnail","hentry","category-estado"],"jetpack_featured_media_url":"https:\/\/encuentroinformativo.com.mx\/wp-content\/uploads\/2026\/03\/IMG-20260313-WA0240.jpg","jetpack_sharing_enabled":true,"jetpack_likes_enabled":true,"amp_enabled":true,"_links":{"self":[{"href":"https:\/\/encuentroinformativo.com.mx\/index.php?rest_route=\/wp\/v2\/posts\/75685","targetHints":{"allow":["GET"]}}],"collection":[{"href":"https:\/\/encuentroinformativo.com.mx\/index.php?rest_route=\/wp\/v2\/posts"}],"about":[{"href":"https:\/\/encuentroinformativo.com.mx\/index.php?rest_route=\/wp\/v2\/types\/post"}],"author":[{"embeddable":true,"href":"https:\/\/encuentroinformativo.com.mx\/index.php?rest_route=\/wp\/v2\/users\/2476"}],"replies":[{"embeddable":true,"href":"https:\/\/encuentroinformativo.com.mx\/index.php?rest_route=%2Fwp%2Fv2%2Fcomments&post=75685"}],"version-history":[{"count":1,"href":"https:\/\/encuentroinformativo.com.mx\/index.php?rest_route=\/wp\/v2\/posts\/75685\/revisions"}],"predecessor-version":[{"id":75687,"href":"https:\/\/encuentroinformativo.com.mx\/index.php?rest_route=\/wp\/v2\/posts\/75685\/revisions\/75687"}],"wp:featuredmedia":[{"embeddable":true,"href":"https:\/\/encuentroinformativo.com.mx\/index.php?rest_route=\/wp\/v2\/media\/75686"}],"wp:attachment":[{"href":"https:\/\/encuentroinformativo.com.mx\/index.php?rest_route=%2Fwp%2Fv2%2Fmedia&parent=75685"}],"wp:term":[{"taxonomy":"category","embeddable":true,"href":"https:\/\/encuentroinformativo.com.mx\/index.php?rest_route=%2Fwp%2Fv2%2Fcategories&post=75685"},{"taxonomy":"post_tag","embeddable":true,"href":"https:\/\/encuentroinformativo.com.mx\/index.php?rest_route=%2Fwp%2Fv2%2Ftags&post=75685"}],"curies":[{"name":"wp","href":"https:\/\/api.w.org\/{rel}","templated":true}]}}