{"id":75688,"date":"2026-03-13T15:49:57","date_gmt":"2026-03-13T21:49:57","guid":{"rendered":"https:\/\/encuentroinformativo.com.mx\/?p=75688"},"modified":"2026-03-13T15:49:57","modified_gmt":"2026-03-13T21:49:57","slug":"puente-de-primavera-marca-la-pauta-para-semana-santa-cometur","status":"publish","type":"post","link":"https:\/\/encuentroinformativo.com.mx\/?p=75688","title":{"rendered":"Puente de primavera marca la pauta para Semana Santa: COMETUR"},"content":{"rendered":"<p><strong>Alejandro \u00c1vila<\/strong><\/p>\n<p>Veracruz, Ver.- El puente laboral de Primavera que habr\u00e1 del 14 al 16 de marzo, marcar\u00e1 la pauta de la ocupaci\u00f3n hotelera que podr\u00eda haber en Semana Santa, se\u00f1al\u00f3 el presidente del Consejo Metropolitano de Turismo (COMETUR), Sergio Lois Heredia.<\/p>\n<p>El empresario puntualiz\u00f3 que este primer puente del a\u00f1o es el que le da un respiro a los hoteleros despu\u00e9s del primer bimestre del 2026.<\/p>\n<p>&#8220;Este puente marca la pauta previa a lo que es una temporada alta como Semana Santa y posteriormente ya Verano, siempre hay un antes y un despu\u00e9s del puente del 21 de marzo, que ahorita se corre por disposiciones federales. Este puente marca pautas, me acuerdo cuando el inicio de la pandemia, el \u00faltimo puente bueno fue este, y cuando termina la pandemia el primer buen puente fue este. Entonces, ahorita tenemos optimismo de que este puente va a estar bien esperamos una buena afluencia, esperamos que los hoteles puedan estar a m\u00e1s de un 70% promedio ocupaci\u00f3n&#8221;, subray\u00f3.<\/p>\n<p>Seg\u00fan las condiciones meteorol\u00f3gicas este fin de semana ser\u00e1n d\u00edas soleados en Veracruz y Boca del R\u00edo, lo cual ayuda mucho a la presencia de turismo en la zona conurbada.<\/p>\n","protected":false},"excerpt":{"rendered":"<p>Alejandro \u00c1vila Veracruz, Ver.- El puente laboral de Primavera que habr\u00e1 del 14 al 16 de marzo, marcar\u00e1 la pauta de la ocupaci\u00f3n hotelera que podr\u00eda haber en Semana Santa, se\u00f1al\u00f3 el presidente del Consejo Metropolitano de Turismo (COMETUR), Sergio Lois Heredia. El empresario puntualiz\u00f3 que este primer puente del a\u00f1o es el que le [&hellip;]<\/p>\n","protected":false},"author":2476,"featured_media":75689,"comment_status":"open","ping_status":"open","sticky":false,"template":"","format":"standard","meta":{"_jetpack_memberships_contains_paid_content":false,"footnotes":""},"categories":[2],"tags":[],"class_list":["post-75688","post","type-post","status-publish","format-standard","has-post-thumbnail","hentry","category-estado"],"jetpack_featured_media_url":"https:\/\/encuentroinformativo.com.mx\/wp-content\/uploads\/2026\/03\/IMG-20260313-WA02252.jpg","jetpack_sharing_enabled":true,"jetpack_likes_enabled":true,"amp_enabled":true,"_links":{"self":[{"href":"https:\/\/encuentroinformativo.com.mx\/index.php?rest_route=\/wp\/v2\/posts\/75688","targetHints":{"allow":["GET"]}}],"collection":[{"href":"https:\/\/encuentroinformativo.com.mx\/index.php?rest_route=\/wp\/v2\/posts"}],"about":[{"href":"https:\/\/encuentroinformativo.com.mx\/index.php?rest_route=\/wp\/v2\/types\/post"}],"author":[{"embeddable":true,"href":"https:\/\/encuentroinformativo.com.mx\/index.php?rest_route=\/wp\/v2\/users\/2476"}],"replies":[{"embeddable":true,"href":"https:\/\/encuentroinformativo.com.mx\/index.php?rest_route=%2Fwp%2Fv2%2Fcomments&post=75688"}],"version-history":[{"count":1,"href":"https:\/\/encuentroinformativo.com.mx\/index.php?rest_route=\/wp\/v2\/posts\/75688\/revisions"}],"predecessor-version":[{"id":75690,"href":"https:\/\/encuentroinformativo.com.mx\/index.php?rest_route=\/wp\/v2\/posts\/75688\/revisions\/75690"}],"wp:featuredmedia":[{"embeddable":true,"href":"https:\/\/encuentroinformativo.com.mx\/index.php?rest_route=\/wp\/v2\/media\/75689"}],"wp:attachment":[{"href":"https:\/\/encuentroinformativo.com.mx\/index.php?rest_route=%2Fwp%2Fv2%2Fmedia&parent=75688"}],"wp:term":[{"taxonomy":"category","embeddable":true,"href":"https:\/\/encuentroinformativo.com.mx\/index.php?rest_route=%2Fwp%2Fv2%2Fcategories&post=75688"},{"taxonomy":"post_tag","embeddable":true,"href":"https:\/\/encuentroinformativo.com.mx\/index.php?rest_route=%2Fwp%2Fv2%2Ftags&post=75688"}],"curies":[{"name":"wp","href":"https:\/\/api.w.org\/{rel}","templated":true}]}}