{"id":75691,"date":"2026-03-13T17:43:10","date_gmt":"2026-03-13T23:43:10","guid":{"rendered":"https:\/\/encuentroinformativo.com.mx\/?p=75691"},"modified":"2026-03-13T17:43:10","modified_gmt":"2026-03-13T23:43:10","slug":"cumple-rocio-nahle-con-construccion-de-18-km-de-carretera-hidalgotitlan-uxpanapa","status":"publish","type":"post","link":"https:\/\/encuentroinformativo.com.mx\/?p=75691","title":{"rendered":"Cumple Roc\u00edo Nahle con construcci\u00f3n de 18 km de carretera Hidalgotitl\u00e1n\u2013Uxpanapa"},"content":{"rendered":"<p>Hidalgotitl\u00e1n, Ver.- Cumpliendo un compromiso con la poblaci\u00f3n, la gobernadora Roc\u00edo Nahle Garc\u00eda encabez\u00f3 el banderazo de inicio de la construcci\u00f3n en carpeta asf\u00e1ltica de los primeros 18 kil\u00f3metros de la carretera que comunica Hidalgotitl\u00e1n con Uxpanapa, obra clave para fortalecer la movilidad y el desarrollo econ\u00f3mico en el sur del estado.<\/p>\n<p>Acompa\u00f1ada por la presidenta municipal de Hidalgotitl\u00e1n, Floricela Antonio S\u00e1nchez, y el presidente municipal de Uxpanapa, Mart\u00edn Aguilar Cu\u00e9llar, as\u00ed como por habitantes de la regi\u00f3n, la Mandataria destac\u00f3 que esta v\u00eda representa una conexi\u00f3n estrat\u00e9gica para cientos de familias que diariamente se trasladan hacia Minatitl\u00e1n y Coatzacoalcos.<\/p>\n<p>Record\u00f3 que la intervenci\u00f3n de esta carretera forma parte de los compromisos asumidos durante su campa\u00f1a, cuando recorri\u00f3 la regi\u00f3n y constat\u00f3 las condiciones en que se encontraba la v\u00eda.<\/p>\n<p>\u201cTen\u00eda que llegar alguien del sur para ver por el sur y hoy aqu\u00ed estamos de frente con ustedes\u201d, expres\u00f3.<\/p>\n<p>Los trabajos iniciaron con 18 kil\u00f3metros en esta primera etapa, ya que el proyecto requiere la rehabilitaci\u00f3n de la base en diversos tramos para garantizar mayor durabilidad de la carpeta asf\u00e1ltica.<\/p>\n<p>La Gobernadora pidi\u00f3 a las y los habitantes acompa\u00f1ar y supervisar el desarrollo de la obra, a fin de asegurar que los trabajos se realicen conforme a lo programado y con la calidad requerida.<\/p>\n<p>Posteriormente, junto con el presidente municipal de Minatitl\u00e1n, Guillermo Reyes Espronceda, dio el banderazo de inicio de los trabajos de rehabilitaci\u00f3n con concreto hidr\u00e1ulico en la avenida Instituto Tecnol\u00f3gico, obra que contempla un kil\u00f3metro de pavimentaci\u00f3n en uno de los accesos m\u00e1s transitados de la ciudad.<\/p>\n<p>Asimismo, adelant\u00f3 que se prev\u00e9 continuar con la pavimentaci\u00f3n del tramo que conduce hacia el municipio de Cosoleacaque, con el objetivo de renovar integralmente esta importante v\u00eda de comunicaci\u00f3n para habitantes y transportistas de la regi\u00f3n.<\/p>\n","protected":false},"excerpt":{"rendered":"<p>Hidalgotitl\u00e1n, Ver.- Cumpliendo un compromiso con la poblaci\u00f3n, la gobernadora Roc\u00edo Nahle Garc\u00eda encabez\u00f3 el banderazo de inicio de la construcci\u00f3n en carpeta asf\u00e1ltica de los primeros 18 kil\u00f3metros de la carretera que comunica Hidalgotitl\u00e1n con Uxpanapa, obra clave para fortalecer la movilidad y el desarrollo econ\u00f3mico en el sur del estado. Acompa\u00f1ada por la [&hellip;]<\/p>\n","protected":false},"author":2476,"featured_media":75692,"comment_status":"open","ping_status":"open","sticky":false,"template":"","format":"standard","meta":{"_jetpack_memberships_contains_paid_content":false,"footnotes":""},"categories":[2],"tags":[],"class_list":["post-75691","post","type-post","status-publish","format-standard","has-post-thumbnail","hentry","category-estado"],"jetpack_featured_media_url":"https:\/\/encuentroinformativo.com.mx\/wp-content\/uploads\/2026\/03\/IMG-20260313-WA0415-scaled.jpg","jetpack_sharing_enabled":true,"jetpack_likes_enabled":true,"amp_enabled":true,"_links":{"self":[{"href":"https:\/\/encuentroinformativo.com.mx\/index.php?rest_route=\/wp\/v2\/posts\/75691","targetHints":{"allow":["GET"]}}],"collection":[{"href":"https:\/\/encuentroinformativo.com.mx\/index.php?rest_route=\/wp\/v2\/posts"}],"about":[{"href":"https:\/\/encuentroinformativo.com.mx\/index.php?rest_route=\/wp\/v2\/types\/post"}],"author":[{"embeddable":true,"href":"https:\/\/encuentroinformativo.com.mx\/index.php?rest_route=\/wp\/v2\/users\/2476"}],"replies":[{"embeddable":true,"href":"https:\/\/encuentroinformativo.com.mx\/index.php?rest_route=%2Fwp%2Fv2%2Fcomments&post=75691"}],"version-history":[{"count":1,"href":"https:\/\/encuentroinformativo.com.mx\/index.php?rest_route=\/wp\/v2\/posts\/75691\/revisions"}],"predecessor-version":[{"id":75693,"href":"https:\/\/encuentroinformativo.com.mx\/index.php?rest_route=\/wp\/v2\/posts\/75691\/revisions\/75693"}],"wp:featuredmedia":[{"embeddable":true,"href":"https:\/\/encuentroinformativo.com.mx\/index.php?rest_route=\/wp\/v2\/media\/75692"}],"wp:attachment":[{"href":"https:\/\/encuentroinformativo.com.mx\/index.php?rest_route=%2Fwp%2Fv2%2Fmedia&parent=75691"}],"wp:term":[{"taxonomy":"category","embeddable":true,"href":"https:\/\/encuentroinformativo.com.mx\/index.php?rest_route=%2Fwp%2Fv2%2Fcategories&post=75691"},{"taxonomy":"post_tag","embeddable":true,"href":"https:\/\/encuentroinformativo.com.mx\/index.php?rest_route=%2Fwp%2Fv2%2Ftags&post=75691"}],"curies":[{"name":"wp","href":"https:\/\/api.w.org\/{rel}","templated":true}]}}