{"id":7570,"date":"2020-10-31T13:57:15","date_gmt":"2020-10-31T19:57:15","guid":{"rendered":"https:\/\/encuentroinformativo.com.mx\/?p=7570"},"modified":"2020-10-31T13:57:17","modified_gmt":"2020-10-31T19:57:17","slug":"agradece-sindicato-de-maniobristas-intervencion-del-gobierno-federal","status":"publish","type":"post","link":"https:\/\/encuentroinformativo.com.mx\/?p=7570","title":{"rendered":"Agradece sindicato de maniobristas intervenci\u00f3n del gobierno federal"},"content":{"rendered":"\n<p>Veracruz, Ver.- El Sindicato de Maniobristas, Carretilleros, Cargadores, Abridores y Conexos de la Zona Mar\u00edtima y del Comercio de la Ciudad y Puerto de Veracruz, este d\u00eda celebraron el acto de justicia que les devuelve la vida jur\u00eddica para pelear por los bienes que les fueron incautados en la \u00e9poca de Carlos Salinas de Gortari.<\/p>\n\n\n\n<p>El Alejandro Pulido, apoderado legal del Sindicato, pidi\u00f3 a Gonzalo Vicencio Flores, Secretario General en Funciones de Presidente de MORENA, que sea portavoz del mensaje de gratitud y confianza al Sr. Presidente de la Rep\u00fablica Lic. Andr\u00e9s Manuel L\u00f3pez Obrador, por escuchar su petici\u00f3n, diciendo: &#8220;Lic. Gonzalo Vicencio, Presidente de MORENA, lleve el mensaje a nuestro presidente de que, los miembros de este sindicato, le estamos agradecidos y al Lic. Mario Delgado, Presidente Nacional del partido, d\u00edgale que estamos con MORENA.<\/p>\n\n\n\n<p>Ante el l\u00edder estatal en Veracruz del Morena, presentaron las tres tomas de nota que los faculta jur\u00eddicamente, como la gente que debe llevar las riendas del sindicato.<br>Tambi\u00e9n tom\u00f3 la palabra el Secretario General del Sindicato Sa\u00fal Mu\u00f1oz \u00c1lvarez quien estuvo acompa\u00f1ado de la Lic. Ma. Eugenia santos de la AC Mujeres defendiendo Mujeres y el Diputado Local Carlos Jim\u00e9nez &#8220;El Potrillo&#8221; .<\/p>\n","protected":false},"excerpt":{"rendered":"<p>Veracruz, Ver.- El Sindicato de Maniobristas, Carretilleros, Cargadores, Abridores y Conexos de la Zona Mar\u00edtima y del Comercio de la Ciudad y Puerto de Veracruz, este d\u00eda celebraron el acto de justicia que les devuelve la vida jur\u00eddica para pelear por los bienes que les fueron incautados en la \u00e9poca de Carlos Salinas de Gortari. [&hellip;]<\/p>\n","protected":false},"author":1,"featured_media":7571,"comment_status":"open","ping_status":"open","sticky":false,"template":"","format":"standard","meta":{"_jetpack_memberships_contains_paid_content":false,"footnotes":""},"categories":[2],"tags":[],"class_list":["post-7570","post","type-post","status-publish","format-standard","has-post-thumbnail","hentry","category-estado"],"jetpack_featured_media_url":"https:\/\/encuentroinformativo.com.mx\/wp-content\/uploads\/2020\/10\/9AC6A723-6065-44B6-A690-4BD67C183577.jpeg","jetpack_sharing_enabled":true,"jetpack_likes_enabled":true,"amp_enabled":true,"_links":{"self":[{"href":"https:\/\/encuentroinformativo.com.mx\/index.php?rest_route=\/wp\/v2\/posts\/7570","targetHints":{"allow":["GET"]}}],"collection":[{"href":"https:\/\/encuentroinformativo.com.mx\/index.php?rest_route=\/wp\/v2\/posts"}],"about":[{"href":"https:\/\/encuentroinformativo.com.mx\/index.php?rest_route=\/wp\/v2\/types\/post"}],"author":[{"embeddable":true,"href":"https:\/\/encuentroinformativo.com.mx\/index.php?rest_route=\/wp\/v2\/users\/1"}],"replies":[{"embeddable":true,"href":"https:\/\/encuentroinformativo.com.mx\/index.php?rest_route=%2Fwp%2Fv2%2Fcomments&post=7570"}],"version-history":[{"count":1,"href":"https:\/\/encuentroinformativo.com.mx\/index.php?rest_route=\/wp\/v2\/posts\/7570\/revisions"}],"predecessor-version":[{"id":7572,"href":"https:\/\/encuentroinformativo.com.mx\/index.php?rest_route=\/wp\/v2\/posts\/7570\/revisions\/7572"}],"wp:featuredmedia":[{"embeddable":true,"href":"https:\/\/encuentroinformativo.com.mx\/index.php?rest_route=\/wp\/v2\/media\/7571"}],"wp:attachment":[{"href":"https:\/\/encuentroinformativo.com.mx\/index.php?rest_route=%2Fwp%2Fv2%2Fmedia&parent=7570"}],"wp:term":[{"taxonomy":"category","embeddable":true,"href":"https:\/\/encuentroinformativo.com.mx\/index.php?rest_route=%2Fwp%2Fv2%2Fcategories&post=7570"},{"taxonomy":"post_tag","embeddable":true,"href":"https:\/\/encuentroinformativo.com.mx\/index.php?rest_route=%2Fwp%2Fv2%2Ftags&post=7570"}],"curies":[{"name":"wp","href":"https:\/\/api.w.org\/{rel}","templated":true}]}}