{"id":75720,"date":"2026-03-16T11:04:19","date_gmt":"2026-03-16T17:04:19","guid":{"rendered":"https:\/\/encuentroinformativo.com.mx\/?p=75720"},"modified":"2026-03-16T11:04:19","modified_gmt":"2026-03-16T17:04:19","slug":"previo-a-cumbre-tajin-reportan-hoteleros-alta-ocupacion","status":"publish","type":"post","link":"https:\/\/encuentroinformativo.com.mx\/?p=75720","title":{"rendered":"Previo a Cumbre Taj\u00edn, reportan hoteleros alta ocupaci\u00f3n"},"content":{"rendered":"<p><strong>Dar\u00edo Pale<\/strong><\/p>\n<p>Xalapa, Ver.- La gobernadora de Veracruz, Norma Roc\u00edo Nahle Garc\u00eda, afirm\u00f3 que el estado se encuentra listo en materia de seguridad y log\u00edstica para la realizaci\u00f3n del festival Cumbre Taj\u00edn, evento cultural que se desarrollar\u00e1 en el norte de la entidad y para el cual ya se reporta una alta ocupaci\u00f3n hotelera.<\/p>\n<p>Entrevistada sobre el operativo de seguridad para el festival, la mandataria estatal asegur\u00f3 que todo se encuentra preparado para recibir a visitantes locales, nacionales e internacionales.<\/p>\n<p>Indic\u00f3 que los reportes de ocupaci\u00f3n hotelera en la regi\u00f3n son muy positivos, especialmente en Papantla, donde se reporta el 100 por ciento de reservaciones, as\u00ed como en Costa Esmeralda y Tuxpan, donde tambi\u00e9n se registra una alta demanda de hospedaje.<\/p>\n<p>La gobernadora destac\u00f3 que se espera una gran afluencia de visitantes, al tratarse de un festival con un enfoque completamente cultural que se desarrollar\u00e1 durante tres d\u00edas con una amplia oferta de actividades.<\/p>\n<p>Subray\u00f3 que Cumbre Taj\u00edn es uno de los eventos culturales m\u00e1s relevantes del pa\u00eds, al grado de compararlo con la Guelaguetza, celebrada en Oaxaca de Ju\u00e1rez, al se\u00f1alar que despu\u00e9s de este evento oaxaque\u00f1o, el festival veracruzano se ubica entre los m\u00e1s importantes de M\u00e9xico.<\/p>\n<p>Detall\u00f3 que dentro del parque tem\u00e1tico del festival habr\u00e1 39 espacios con distintas actividades culturales, art\u00edsticas y gastron\u00f3micas. Adem\u00e1s, se espera la participaci\u00f3n de m\u00e1s de dos mil personas entre danzantes, talleristas y artistas que formar\u00e1n parte de los distintos talleres y presentaciones.<\/p>\n<p>Nahle Garc\u00eda hizo una invitaci\u00f3n a las y los veracruzanos para visitar el festival y conocer la riqueza cultural del estado.<\/p>\n<p>\u201cCuando digo que tenemos que hablar bien de Veracruz y de los veracruzanos, tambi\u00e9n tenemos que sentirnos orgullosos de nuestra cultura, de nuestra ra\u00edz, de nuestra gastronom\u00eda y de todo lo que tenemos\u201d, expres\u00f3.<\/p>\n<p>Se\u00f1al\u00f3 que muchas personas del sur del estado no conocen el norte y viceversa, por lo que este tipo de eventos permite fortalecer el orgullo e identidad entre las distintas regiones de Veracruz.<\/p>\n<p>En cuanto a la cartelera art\u00edstica, inform\u00f3 que el festival contar\u00e1 con presentaciones musicales durante las noches. El 21 de marzo se presentar\u00e1 la cantante Yuridia, mientras que el 22 de marzo el cierre estar\u00e1 a cargo de Lila Downs y el Grupo Ca\u00f1averal.<\/p>\n<p>Finalmente, resalt\u00f3 que adem\u00e1s de los conciertos, durante el d\u00eda habr\u00e1 m\u00faltiples actividades culturales, talleres, gastronom\u00eda y venta de artesan\u00edas, donde participar\u00e1n artesanas y dise\u00f1adoras de distintas regiones del estado.<\/p>\n<p>Incluso coment\u00f3 que muchas de las blusas artesanales que suele portar en eventos p\u00fablicos son elaboradas por artesanas veracruzanas, quienes tambi\u00e9n estar\u00e1n presentes en el festival ofreciendo sus dise\u00f1os al p\u00fablico.<\/p>\n","protected":false},"excerpt":{"rendered":"<p>Dar\u00edo Pale Xalapa, Ver.- La gobernadora de Veracruz, Norma Roc\u00edo Nahle Garc\u00eda, afirm\u00f3 que el estado se encuentra listo en materia de seguridad y log\u00edstica para la realizaci\u00f3n del festival Cumbre Taj\u00edn, evento cultural que se desarrollar\u00e1 en el norte de la entidad y para el cual ya se reporta una alta ocupaci\u00f3n hotelera. Entrevistada [&hellip;]<\/p>\n","protected":false},"author":2476,"featured_media":75721,"comment_status":"open","ping_status":"open","sticky":false,"template":"","format":"standard","meta":{"_jetpack_memberships_contains_paid_content":false,"footnotes":""},"categories":[2],"tags":[],"class_list":["post-75720","post","type-post","status-publish","format-standard","has-post-thumbnail","hentry","category-estado"],"jetpack_featured_media_url":"https:\/\/encuentroinformativo.com.mx\/wp-content\/uploads\/2026\/03\/IMG-20260312-WA0385.jpg","jetpack_sharing_enabled":true,"jetpack_likes_enabled":true,"amp_enabled":true,"_links":{"self":[{"href":"https:\/\/encuentroinformativo.com.mx\/index.php?rest_route=\/wp\/v2\/posts\/75720","targetHints":{"allow":["GET"]}}],"collection":[{"href":"https:\/\/encuentroinformativo.com.mx\/index.php?rest_route=\/wp\/v2\/posts"}],"about":[{"href":"https:\/\/encuentroinformativo.com.mx\/index.php?rest_route=\/wp\/v2\/types\/post"}],"author":[{"embeddable":true,"href":"https:\/\/encuentroinformativo.com.mx\/index.php?rest_route=\/wp\/v2\/users\/2476"}],"replies":[{"embeddable":true,"href":"https:\/\/encuentroinformativo.com.mx\/index.php?rest_route=%2Fwp%2Fv2%2Fcomments&post=75720"}],"version-history":[{"count":1,"href":"https:\/\/encuentroinformativo.com.mx\/index.php?rest_route=\/wp\/v2\/posts\/75720\/revisions"}],"predecessor-version":[{"id":75722,"href":"https:\/\/encuentroinformativo.com.mx\/index.php?rest_route=\/wp\/v2\/posts\/75720\/revisions\/75722"}],"wp:featuredmedia":[{"embeddable":true,"href":"https:\/\/encuentroinformativo.com.mx\/index.php?rest_route=\/wp\/v2\/media\/75721"}],"wp:attachment":[{"href":"https:\/\/encuentroinformativo.com.mx\/index.php?rest_route=%2Fwp%2Fv2%2Fmedia&parent=75720"}],"wp:term":[{"taxonomy":"category","embeddable":true,"href":"https:\/\/encuentroinformativo.com.mx\/index.php?rest_route=%2Fwp%2Fv2%2Fcategories&post=75720"},{"taxonomy":"post_tag","embeddable":true,"href":"https:\/\/encuentroinformativo.com.mx\/index.php?rest_route=%2Fwp%2Fv2%2Ftags&post=75720"}],"curies":[{"name":"wp","href":"https:\/\/api.w.org\/{rel}","templated":true}]}}