{"id":75723,"date":"2026-03-16T11:15:20","date_gmt":"2026-03-16T17:15:20","guid":{"rendered":"https:\/\/encuentroinformativo.com.mx\/?p=75723"},"modified":"2026-03-16T11:15:20","modified_gmt":"2026-03-16T17:15:20","slug":"perfil-con-experiencia-nuevo-titular-de-la-asf-gobernadora","status":"publish","type":"post","link":"https:\/\/encuentroinformativo.com.mx\/?p=75723","title":{"rendered":"Perfil con experiencia, nuevo titular de la ASF: Gobernadora"},"content":{"rendered":"<p><strong>Dar\u00edo Pale<\/strong><\/p>\n<p>Xalapa, Ver.- La gobernadora de Veracruz, Norma Roc\u00edo Nahle Garc\u00eda, celebr\u00f3 la designaci\u00f3n del veracruzano Aureliano Hern\u00e1ndez Palacios Cardel como nuevo titular de la Auditor\u00eda Superior de la Federaci\u00f3n (ASF), decisi\u00f3n tomada por la C\u00e1mara de Diputados de M\u00e9xico, y destac\u00f3 que se trata de un perfil con experiencia dentro del organismo encargado de supervisar el uso de los recursos federales en el pa\u00eds.<\/p>\n<p>En entrevista, la mandataria estatal se\u00f1al\u00f3 que mantiene una relaci\u00f3n cordial y respetuosa con el nuevo auditor, adem\u00e1s de reconocer su trayectoria dentro de la propia Auditor\u00eda, donde anteriormente se desempe\u00f1\u00f3 en una direcci\u00f3n relevante encargada de la supervisi\u00f3n con las entidades federativas.<\/p>\n<p>\u201cEs un buen elemento, muy buen elemento dir\u00eda yo. Tenemos una relaci\u00f3n muy cordial y muy respetuosa. Qu\u00e9 honor y qu\u00e9 gusto que un veracruzano sea el que ocupe la Auditor\u00eda Superior de la Federaci\u00f3n\u201d, expres\u00f3.<\/p>\n<p>Nahle Garc\u00eda tambi\u00e9n indic\u00f3 que desde el gobierno estatal ya se le hizo llegar una carta de felicitaci\u00f3n por su nombramiento, al tiempo que destac\u00f3 la importancia de que ciudadanos veracruzanos ocupen cargos de alto nivel en instituciones nacionales.<\/p>\n<p>Asimismo, subray\u00f3 que la Auditor\u00eda Superior de la Federaci\u00f3n es un organismo clave para garantizar la transparencia y la correcta fiscalizaci\u00f3n del gasto federal que ejercen los estados.<\/p>\n<p>La gobernadora record\u00f3 que recientemente sostuvo comunicaci\u00f3n con el auditor saliente, David Colmenares P\u00e1ramo, para abordar el tema de la revisi\u00f3n de documentos relacionados con observaciones hechas al estado de Veracruz en ejercicios anteriores.<\/p>\n<p>Explic\u00f3 que su administraci\u00f3n ha entregado de manera puntual la documentaci\u00f3n requerida para solventar dichas observaciones, proceso que comenz\u00f3 desde agosto del a\u00f1o pasado con la entrega mensual de expedientes.<\/p>\n<p>\u201cMe ocupa y me preocupa porque es Veracruz. Nosotros debemos de tener transparencia y rendici\u00f3n de cuentas, y eso es lo que se est\u00e1 haciendo\u201d, afirm\u00f3.<\/p>\n<p>Finalmente, reiter\u00f3 su benepl\u00e1cito por el nombramiento de Hern\u00e1ndez Palacios Cardel y confi\u00f3 en que su desempe\u00f1o al frente de la ASF contribuir\u00e1 al fortalecimiento de los mecanismos de fiscalizaci\u00f3n en el pa\u00eds.<\/p>\n","protected":false},"excerpt":{"rendered":"<p>Dar\u00edo Pale Xalapa, Ver.- La gobernadora de Veracruz, Norma Roc\u00edo Nahle Garc\u00eda, celebr\u00f3 la designaci\u00f3n del veracruzano Aureliano Hern\u00e1ndez Palacios Cardel como nuevo titular de la Auditor\u00eda Superior de la Federaci\u00f3n (ASF), decisi\u00f3n tomada por la C\u00e1mara de Diputados de M\u00e9xico, y destac\u00f3 que se trata de un perfil con experiencia dentro del organismo encargado [&hellip;]<\/p>\n","protected":false},"author":2476,"featured_media":75724,"comment_status":"open","ping_status":"open","sticky":false,"template":"","format":"standard","meta":{"_jetpack_memberships_contains_paid_content":false,"footnotes":""},"categories":[2,12],"tags":[],"class_list":["post-75723","post","type-post","status-publish","format-standard","has-post-thumbnail","hentry","category-estado","category-nacional"],"jetpack_featured_media_url":"https:\/\/encuentroinformativo.com.mx\/wp-content\/uploads\/2026\/03\/IMG-20260316-WA0107.jpg","jetpack_sharing_enabled":true,"jetpack_likes_enabled":true,"amp_enabled":true,"_links":{"self":[{"href":"https:\/\/encuentroinformativo.com.mx\/index.php?rest_route=\/wp\/v2\/posts\/75723","targetHints":{"allow":["GET"]}}],"collection":[{"href":"https:\/\/encuentroinformativo.com.mx\/index.php?rest_route=\/wp\/v2\/posts"}],"about":[{"href":"https:\/\/encuentroinformativo.com.mx\/index.php?rest_route=\/wp\/v2\/types\/post"}],"author":[{"embeddable":true,"href":"https:\/\/encuentroinformativo.com.mx\/index.php?rest_route=\/wp\/v2\/users\/2476"}],"replies":[{"embeddable":true,"href":"https:\/\/encuentroinformativo.com.mx\/index.php?rest_route=%2Fwp%2Fv2%2Fcomments&post=75723"}],"version-history":[{"count":1,"href":"https:\/\/encuentroinformativo.com.mx\/index.php?rest_route=\/wp\/v2\/posts\/75723\/revisions"}],"predecessor-version":[{"id":75725,"href":"https:\/\/encuentroinformativo.com.mx\/index.php?rest_route=\/wp\/v2\/posts\/75723\/revisions\/75725"}],"wp:featuredmedia":[{"embeddable":true,"href":"https:\/\/encuentroinformativo.com.mx\/index.php?rest_route=\/wp\/v2\/media\/75724"}],"wp:attachment":[{"href":"https:\/\/encuentroinformativo.com.mx\/index.php?rest_route=%2Fwp%2Fv2%2Fmedia&parent=75723"}],"wp:term":[{"taxonomy":"category","embeddable":true,"href":"https:\/\/encuentroinformativo.com.mx\/index.php?rest_route=%2Fwp%2Fv2%2Fcategories&post=75723"},{"taxonomy":"post_tag","embeddable":true,"href":"https:\/\/encuentroinformativo.com.mx\/index.php?rest_route=%2Fwp%2Fv2%2Ftags&post=75723"}],"curies":[{"name":"wp","href":"https:\/\/api.w.org\/{rel}","templated":true}]}}