{"id":75728,"date":"2026-03-16T11:36:13","date_gmt":"2026-03-16T17:36:13","guid":{"rendered":"https:\/\/encuentroinformativo.com.mx\/?p=75728"},"modified":"2026-03-16T11:36:13","modified_gmt":"2026-03-16T17:36:13","slug":"relanzaran-feria-de-la-trucha-en-tlalnelhuayocan","status":"publish","type":"post","link":"https:\/\/encuentroinformativo.com.mx\/?p=75728","title":{"rendered":"Relanzar\u00e1n Feria de la Trucha en Tlalnelhuayocan"},"content":{"rendered":"<p><strong>Dar\u00edo Pale<\/strong><\/p>\n<p>Xalapa, Ver.- La alcaldesa de Tlalnelhuayocan, Arianna \u00c1ngeles Aguirre, anunci\u00f3 el relanzamiento de la Feria de la Trucha en la comunidad de Rancho Viejo, evento que se llevar\u00e1 a cabo los d\u00edas 18 y 19 de abril con el objetivo de promover la gastronom\u00eda local y fortalecer la econom\u00eda de los productores de la regi\u00f3n.<\/p>\n<p>Durante la presentaci\u00f3n, la presidenta municipal agradeci\u00f3 el espacio para difundir las acciones del ayuntamiento y destac\u00f3 que esta feria representa una oportunidad para apoyar a las familias dedicadas a la producci\u00f3n y preparaci\u00f3n de trucha, una de las actividades econ\u00f3micas m\u00e1s importantes de la comunidad.<\/p>\n<p>La alcaldesa estuvo acompa\u00f1ada por integrantes del cabildo, entre ellos el s\u00edndico Andr\u00e9s Garc\u00eda, el regidor Ismael M\u00e9ndez y el presidente del DIF municipal, Alain \u00c1ngeles Aguirre, quienes respaldaron la reactivaci\u00f3n de este evento gastron\u00f3mico.<\/p>\n<p>\u00c1ngeles Aguirre record\u00f3 que la feria tuvo una edici\u00f3n exitosa en 2019, pero posteriormente dej\u00f3 de realizarse, por lo que ahora se busca retomarla para consolidarla como una tradici\u00f3n que impulse el desarrollo tur\u00edstico y econ\u00f3mico del municipio.<\/p>\n<p>Explic\u00f3 que los productores de Rancho Viejo son reconocidos como algunos de los m\u00e1s importantes del estado de Veracruz, por lo que la feria permitir\u00e1 exhibir la diversidad de platillos elaborados con trucha, as\u00ed como promover la riqueza gastron\u00f3mica de la zona.<\/p>\n<p>El evento se realizar\u00e1 en el recinto ferial de Rancho Viejo e incluir\u00e1 actividades deportivas, culturales y gastron\u00f3micas, adem\u00e1s de la participaci\u00f3n de restauranteros y productores locales que ofrecer\u00e1n diferentes preparaciones del producto.<\/p>\n<p>Finalmente, la alcaldesa subray\u00f3 que la cercan\u00eda de Tlalnelhuayocan con Xalapa \u2014a aproximadamente 15 minutos\u2014 facilita la llegada de visitantes por distintas v\u00edas de acceso, lo que permitir\u00e1 fortalecer el corredor tur\u00edstico y gastron\u00f3mico del municipio y generar una mayor derrama econ\u00f3mica para la regi\u00f3n.<\/p>\n","protected":false},"excerpt":{"rendered":"<p>Dar\u00edo Pale Xalapa, Ver.- La alcaldesa de Tlalnelhuayocan, Arianna \u00c1ngeles Aguirre, anunci\u00f3 el relanzamiento de la Feria de la Trucha en la comunidad de Rancho Viejo, evento que se llevar\u00e1 a cabo los d\u00edas 18 y 19 de abril con el objetivo de promover la gastronom\u00eda local y fortalecer la econom\u00eda de los productores de [&hellip;]<\/p>\n","protected":false},"author":2476,"featured_media":75727,"comment_status":"open","ping_status":"open","sticky":false,"template":"","format":"standard","meta":{"_jetpack_memberships_contains_paid_content":false,"footnotes":""},"categories":[8],"tags":[],"class_list":["post-75728","post","type-post","status-publish","format-standard","has-post-thumbnail","hentry","category-region"],"jetpack_featured_media_url":"https:\/\/encuentroinformativo.com.mx\/wp-content\/uploads\/2026\/03\/IMG-20260316-WA0117.jpg","jetpack_sharing_enabled":true,"jetpack_likes_enabled":true,"amp_enabled":true,"_links":{"self":[{"href":"https:\/\/encuentroinformativo.com.mx\/index.php?rest_route=\/wp\/v2\/posts\/75728","targetHints":{"allow":["GET"]}}],"collection":[{"href":"https:\/\/encuentroinformativo.com.mx\/index.php?rest_route=\/wp\/v2\/posts"}],"about":[{"href":"https:\/\/encuentroinformativo.com.mx\/index.php?rest_route=\/wp\/v2\/types\/post"}],"author":[{"embeddable":true,"href":"https:\/\/encuentroinformativo.com.mx\/index.php?rest_route=\/wp\/v2\/users\/2476"}],"replies":[{"embeddable":true,"href":"https:\/\/encuentroinformativo.com.mx\/index.php?rest_route=%2Fwp%2Fv2%2Fcomments&post=75728"}],"version-history":[{"count":1,"href":"https:\/\/encuentroinformativo.com.mx\/index.php?rest_route=\/wp\/v2\/posts\/75728\/revisions"}],"predecessor-version":[{"id":75729,"href":"https:\/\/encuentroinformativo.com.mx\/index.php?rest_route=\/wp\/v2\/posts\/75728\/revisions\/75729"}],"wp:featuredmedia":[{"embeddable":true,"href":"https:\/\/encuentroinformativo.com.mx\/index.php?rest_route=\/wp\/v2\/media\/75727"}],"wp:attachment":[{"href":"https:\/\/encuentroinformativo.com.mx\/index.php?rest_route=%2Fwp%2Fv2%2Fmedia&parent=75728"}],"wp:term":[{"taxonomy":"category","embeddable":true,"href":"https:\/\/encuentroinformativo.com.mx\/index.php?rest_route=%2Fwp%2Fv2%2Fcategories&post=75728"},{"taxonomy":"post_tag","embeddable":true,"href":"https:\/\/encuentroinformativo.com.mx\/index.php?rest_route=%2Fwp%2Fv2%2Ftags&post=75728"}],"curies":[{"name":"wp","href":"https:\/\/api.w.org\/{rel}","templated":true}]}}