{"id":7578,"date":"2020-10-31T18:57:00","date_gmt":"2020-11-01T00:57:00","guid":{"rendered":"https:\/\/encuentroinformativo.com.mx\/?p=7578"},"modified":"2020-10-31T18:57:03","modified_gmt":"2020-11-01T00:57:03","slug":"con-altar-mujeres-protestan-contra-feminicidios","status":"publish","type":"post","link":"https:\/\/encuentroinformativo.com.mx\/?p=7578","title":{"rendered":"Con altar, mujeres protestan contra feminicidios"},"content":{"rendered":"\n<p><strong>Dar\u00edo Pale <\/strong><\/p>\n\n\n\n<p>Xalapa, Ver.- Oriana Justa \u00c1vila Moreno, Vania Rebolledo y Mar\u00eda Teresa Gonz\u00e1lez, estudiantes de la Facultad de Artes de la Universidad Veracruzana (UV) manifestaron que a pesar del confinamiento que evita salir a las calles, el miedo de ser violentadas no desaparece en las mujeres.<\/p>\n\n\n\n<p>Entrevistadas en la plaza Lerdo las Artistas-feministas del colectivo UNIDAS dieron a conocer que realizaron una intervenci\u00f3n con collage fotogr\u00e1fico en las escalinatas de la Catedral Metropolitana de Xalapa para protestar contra los feminicidios ocurridos en todo el pa\u00eds,\u00a0&#8220;tenemos el arte, esa capacidad de exponer temas y sentires que pocos se atreven a voltear a ver. Buscamos visibilizar los feminicidios, el asesinato de nuestras hermanas que es tambi\u00e9n una muerte lenta para nosotras&#8221;.<\/p>\n\n\n\n<p>&#8220;La mujer est\u00e1 enterrada como muchas veces se ha encontrado a mujeres en este estado, queremos que se entienda tambi\u00e9n que nosotras tenemos miedo de ser las siguientes, de ser asesinadas&#8221;, acusaron.<\/p>\n\n\n\n<p>Aseguran que es necesario manifestarse, pues hist\u00f3ricamente las mujeres no son escuchadas,\u00a0&#8220;se vive con temor no solo en Xalapa sino en Veracruz, en Latinoam\u00e9rica y yo entiendo que muchas veces dicen que no son maneras de manifestarnos y por lo mismo que estamos cansadas de no ser escuchadas estamos viendo la manera de manifestarnos&#8221;.<\/p>\n\n\n\n<p>La fotograf\u00eda de un cuerpo desnudo fue una composici\u00f3n de varios cuerpos de mujeres que a su vez representaron las distintas formas de violencia,\u00a0&#8220;lo que estamos representando en la imagen es eso, son muchos cuerpos de distintos colores, tama\u00f1os, edades y es justamente eso, estamos tratando de que esto sea algo pac\u00edfico y algo que visualmente sea atractivo y con un mensaje fuerte y claro&#8221;.<\/p>\n\n\n\n<p>Existe un cansancio y coraje por parte de las mujeres lo que les obliga a llegar al arte y de esa forma expresar el odio ante la impunidad y tantos asesinatos de mujeres, agregaron que el pronunciamiento es que si tocan a una mujer &#8220;tocan a todas&#8221; por lo que es necesario levantar la voz por las que ya no est\u00e1n.<\/p>\n\n\n\n<p>Finalmente cabe se\u00f1alar que en las escalinatas de la Catedral Metropolitana colocaron adem\u00e1s veladoras y flores de cempas\u00fachil y una cruz sobre una tumba hecha con p\u00e9talos, al igual que cartulinas con varios pronunciamientos en contra del feminicidio.<\/p>\n\n\n\n<figure class=\"wp-block-image size-large\"><img loading=\"lazy\" decoding=\"async\" width=\"1024\" height=\"768\" src=\"https:\/\/encuentroinformativo.com.mx\/wp-content\/uploads\/2020\/10\/5EEA91BC-DF09-449B-B37C-7310642DB17A-1024x768.jpeg\" alt=\"\" class=\"wp-image-7580\" srcset=\"https:\/\/encuentroinformativo.com.mx\/wp-content\/uploads\/2020\/10\/5EEA91BC-DF09-449B-B37C-7310642DB17A-1024x768.jpeg 1024w, https:\/\/encuentroinformativo.com.mx\/wp-content\/uploads\/2020\/10\/5EEA91BC-DF09-449B-B37C-7310642DB17A-300x225.jpeg 300w, https:\/\/encuentroinformativo.com.mx\/wp-content\/uploads\/2020\/10\/5EEA91BC-DF09-449B-B37C-7310642DB17A-768x576.jpeg 768w, https:\/\/encuentroinformativo.com.mx\/wp-content\/uploads\/2020\/10\/5EEA91BC-DF09-449B-B37C-7310642DB17A.jpeg 1280w\" sizes=\"auto, (max-width: 1024px) 100vw, 1024px\" \/><\/figure>\n","protected":false},"excerpt":{"rendered":"<p>Dar\u00edo Pale Xalapa, Ver.- Oriana Justa \u00c1vila Moreno, Vania Rebolledo y Mar\u00eda Teresa Gonz\u00e1lez, estudiantes de la Facultad de Artes de la Universidad Veracruzana (UV) manifestaron que a pesar del confinamiento que evita salir a las calles, el miedo de ser violentadas no desaparece en las mujeres. Entrevistadas en la plaza Lerdo las Artistas-feministas del [&hellip;]<\/p>\n","protected":false},"author":1,"featured_media":7579,"comment_status":"open","ping_status":"open","sticky":false,"template":"","format":"standard","meta":{"_jetpack_memberships_contains_paid_content":false,"footnotes":""},"categories":[3],"tags":[],"class_list":["post-7578","post","type-post","status-publish","format-standard","has-post-thumbnail","hentry","category-xalapa"],"jetpack_featured_media_url":"https:\/\/encuentroinformativo.com.mx\/wp-content\/uploads\/2020\/10\/A15A0E51-BA50-41B5-8961-4E2F1D5926B9.jpeg","jetpack_sharing_enabled":true,"jetpack_likes_enabled":true,"amp_enabled":true,"_links":{"self":[{"href":"https:\/\/encuentroinformativo.com.mx\/index.php?rest_route=\/wp\/v2\/posts\/7578","targetHints":{"allow":["GET"]}}],"collection":[{"href":"https:\/\/encuentroinformativo.com.mx\/index.php?rest_route=\/wp\/v2\/posts"}],"about":[{"href":"https:\/\/encuentroinformativo.com.mx\/index.php?rest_route=\/wp\/v2\/types\/post"}],"author":[{"embeddable":true,"href":"https:\/\/encuentroinformativo.com.mx\/index.php?rest_route=\/wp\/v2\/users\/1"}],"replies":[{"embeddable":true,"href":"https:\/\/encuentroinformativo.com.mx\/index.php?rest_route=%2Fwp%2Fv2%2Fcomments&post=7578"}],"version-history":[{"count":1,"href":"https:\/\/encuentroinformativo.com.mx\/index.php?rest_route=\/wp\/v2\/posts\/7578\/revisions"}],"predecessor-version":[{"id":7581,"href":"https:\/\/encuentroinformativo.com.mx\/index.php?rest_route=\/wp\/v2\/posts\/7578\/revisions\/7581"}],"wp:featuredmedia":[{"embeddable":true,"href":"https:\/\/encuentroinformativo.com.mx\/index.php?rest_route=\/wp\/v2\/media\/7579"}],"wp:attachment":[{"href":"https:\/\/encuentroinformativo.com.mx\/index.php?rest_route=%2Fwp%2Fv2%2Fmedia&parent=7578"}],"wp:term":[{"taxonomy":"category","embeddable":true,"href":"https:\/\/encuentroinformativo.com.mx\/index.php?rest_route=%2Fwp%2Fv2%2Fcategories&post=7578"},{"taxonomy":"post_tag","embeddable":true,"href":"https:\/\/encuentroinformativo.com.mx\/index.php?rest_route=%2Fwp%2Fv2%2Ftags&post=7578"}],"curies":[{"name":"wp","href":"https:\/\/api.w.org\/{rel}","templated":true}]}}