{"id":7591,"date":"2020-11-01T14:19:19","date_gmt":"2020-11-01T20:19:19","guid":{"rendered":"https:\/\/encuentroinformativo.com.mx\/?p=7591"},"modified":"2020-11-01T14:19:50","modified_gmt":"2020-11-01T20:19:50","slug":"empresas-seguiran-desplazando-a-cafeticultores","status":"publish","type":"post","link":"https:\/\/encuentroinformativo.com.mx\/?p=7591","title":{"rendered":"Empresas seguir\u00e1n desplazando a cafeticultores"},"content":{"rendered":"\n<p><strong>Juan Arcos <\/strong><\/p>\n\n\n\n<p>Xalapa, Ver.- La construcci\u00f3n de la nueva planta de Nestl\u00e9 en el puerto de Veracruz presenta un avance del 70 por ciento.<\/p>\n\n\n\n<p>De acuerdo con Fernando Celis Callejas, asesor general de la Coordinadora Nacional de Organizaciones Cafetaleras (CNOC), se prev\u00e9 que la planta inicie sus operaciones a m\u00e1s tardar en seis meses, es decir, en marzo pr\u00f3ximo.<\/p>\n\n\n\n<p>\u201cEst\u00e1 muy avanzada (la nueva planta), yo creo que va como el 70 por ciento y en menos de seis meses va a empezar a trabajar\u201d.&nbsp;<\/p>\n\n\n\n<p>El entrevistado indic\u00f3 que la producci\u00f3n de Nestl\u00e9 desplazar\u00eda a los cafeticultores locales, problema que se ha venido recrudeciendo durante los \u00faltimos a\u00f1os.<\/p>\n\n\n\n<p>\u201cSi ese caf\u00e9 que importan y lo maquilan soluble, se distribuye en M\u00e9xico, pues desplaza al caf\u00e9 mexicano, lo que decimos es que lo traigan, lo maquilen y lo reexporten.<\/p>\n\n\n\n<p>Ellos dec\u00edan que esa planta era para maquillar y reexportar, pues que cumplan esa situaci\u00f3n\u201d.<\/p>\n\n\n\n<p>A\u00f1adi\u00f3 que el Nescafe no es un producto puro, pues est\u00e1 compuesto de az\u00facares, saborizantes artificiales, aditivos y conservadores, por lo que no debe venderse como caf\u00e9.\u00a0<\/p>\n\n\n\n<p>\u201cEse caf\u00e9 ya no debe venderse como caf\u00e9. Dicen que el Nescafe no es caf\u00e9, pero la gente dice que el Nescafe es un caf\u00e9\u201d, agreg\u00f3 Celis Callejas.<\/p>\n\n\n\n<p>Coment\u00f3 que Nestl\u00e9 busca recuperar mercado durante esta pandemia del SARS-COV-2 (COVID-19), aprovechando que muchas cafeter\u00edas han cerrado para dar ofertas en su producto soluble y desplazar a los cafetaleros.<\/p>\n","protected":false},"excerpt":{"rendered":"<p>Juan Arcos Xalapa, Ver.- La construcci\u00f3n de la nueva planta de Nestl\u00e9 en el puerto de Veracruz presenta un avance del 70 por ciento. De acuerdo con Fernando Celis Callejas, asesor general de la Coordinadora Nacional de Organizaciones Cafetaleras (CNOC), se prev\u00e9 que la planta inicie sus operaciones a m\u00e1s tardar en seis meses, es [&hellip;]<\/p>\n","protected":false},"author":1,"featured_media":7592,"comment_status":"open","ping_status":"open","sticky":false,"template":"","format":"standard","meta":{"_jetpack_memberships_contains_paid_content":false,"footnotes":""},"categories":[2],"tags":[],"class_list":["post-7591","post","type-post","status-publish","format-standard","has-post-thumbnail","hentry","category-estado"],"jetpack_featured_media_url":"https:\/\/encuentroinformativo.com.mx\/wp-content\/uploads\/2020\/11\/325DA2EF-0709-4CB9-9113-F70F29CFD9E8.jpeg","jetpack_sharing_enabled":true,"jetpack_likes_enabled":true,"amp_enabled":true,"_links":{"self":[{"href":"https:\/\/encuentroinformativo.com.mx\/index.php?rest_route=\/wp\/v2\/posts\/7591","targetHints":{"allow":["GET"]}}],"collection":[{"href":"https:\/\/encuentroinformativo.com.mx\/index.php?rest_route=\/wp\/v2\/posts"}],"about":[{"href":"https:\/\/encuentroinformativo.com.mx\/index.php?rest_route=\/wp\/v2\/types\/post"}],"author":[{"embeddable":true,"href":"https:\/\/encuentroinformativo.com.mx\/index.php?rest_route=\/wp\/v2\/users\/1"}],"replies":[{"embeddable":true,"href":"https:\/\/encuentroinformativo.com.mx\/index.php?rest_route=%2Fwp%2Fv2%2Fcomments&post=7591"}],"version-history":[{"count":1,"href":"https:\/\/encuentroinformativo.com.mx\/index.php?rest_route=\/wp\/v2\/posts\/7591\/revisions"}],"predecessor-version":[{"id":7593,"href":"https:\/\/encuentroinformativo.com.mx\/index.php?rest_route=\/wp\/v2\/posts\/7591\/revisions\/7593"}],"wp:featuredmedia":[{"embeddable":true,"href":"https:\/\/encuentroinformativo.com.mx\/index.php?rest_route=\/wp\/v2\/media\/7592"}],"wp:attachment":[{"href":"https:\/\/encuentroinformativo.com.mx\/index.php?rest_route=%2Fwp%2Fv2%2Fmedia&parent=7591"}],"wp:term":[{"taxonomy":"category","embeddable":true,"href":"https:\/\/encuentroinformativo.com.mx\/index.php?rest_route=%2Fwp%2Fv2%2Fcategories&post=7591"},{"taxonomy":"post_tag","embeddable":true,"href":"https:\/\/encuentroinformativo.com.mx\/index.php?rest_route=%2Fwp%2Fv2%2Ftags&post=7591"}],"curies":[{"name":"wp","href":"https:\/\/api.w.org\/{rel}","templated":true}]}}