{"id":7594,"date":"2020-11-02T07:45:32","date_gmt":"2020-11-02T13:45:32","guid":{"rendered":"https:\/\/encuentroinformativo.com.mx\/?p=7594"},"modified":"2020-11-02T02:08:07","modified_gmt":"2020-11-02T08:08:07","slug":"y-si-miguel-chiquito-no-va-por-el-pan","status":"publish","type":"post","link":"https:\/\/encuentroinformativo.com.mx\/?p=7594","title":{"rendered":"\u00bfY SI &#8220;MIGUEL CHIQUITO&#8221; NO VA POR EL PAN?"},"content":{"rendered":"\n<p><strong>+ Ma\u00f1ana elecciones en EE.UU.<br>+ \u00bfAMLO reventar\u00e1 alianza PRI-PAN?<br>+ Murat habla de unidad.<br><br><em>El Chon Koneri anda recogiendo sus pasos en Nanciyaga<br>&#8211;Chopenjawer<\/em><br><\/strong><br>La semana pasada caus\u00f3 mucho revuelo la noticia de que Miguel \u00c1ngel Yunes M\u00e1rquez, el candidato perdedor en las pasadas elecciones a la gubernatura, regresar\u00eda por sus fueros e intentar\u00eda ir por la candidatura a la presidencia municipal de la ciudad de Veracruz, donde actualmente gobierna su hermano m\u00e1s chiquito, Fernando.<\/p>\n\n\n\n<p>Sin duda, los Yunes todav\u00eda tienen capital pol\u00edtico que explotar y no dudar\u00e1n en hacerlo. Si no logran retener sus bastiones de la zona conurbada Veracruz-Boca del R\u00edo, corren el riesgo de que ahora s\u00ed se dediquen a vivir de sus rentas, trabajar como la gente decente y olvidarse de &#8220;servir al pueblo&#8221; viviendo del presupuesto.<\/p>\n\n\n\n<p>Es decir, ya no tendr\u00edan, en teor\u00eda, poder pol\u00edtico.<\/p>\n\n\n\n<p>Dicen en el puerto que la algarab\u00eda que se hizo al &#8220;destape&#8221; de &#8220;Miguel Chiquito&#8221;, en realidad es porque varios funcionarios del ayuntamiento de Veracruz est\u00e1n renunciando y se est\u00e1n yendo a apoyar a Bingen Rementer\u00eda, (que no va mal y trae una buena campa\u00f1a, por cierto) diputado local del PAN y aspirante tambi\u00e9n a la presidencia municipal; entonces, para que no decaiga el \u00e1nimo entre los neo-yunistas y amiguis del junior, decidieron lanzar la campa\u00f1a de que &#8220;El Chiquito&#8221; sigue vivo y viene con todo.<\/p>\n\n\n\n<p>O sea, algo as\u00ed como con El Cid Campeador: saquen al cad\u00e1ver (pol\u00edtico) para que las tropas se animen y en una de esas derrotan a sus enemigos, como m\u00e1s o menos dice el poema espa\u00f1ol.<\/p>\n\n\n\n<p>Lo interesante es lo que tambi\u00e9n se comenta por all\u00e1: que &#8220;Miguel Chiquito&#8221; no tendr\u00eda oportunidad ni siquiera de ser candidato para la alcald\u00eda de Veracruz por el simple hecho de que hace apenas pocos a\u00f1os vot\u00f3 en Boca del R\u00edo; es decir, no tiene la residencia m\u00ednima de tres a\u00f1os que requiere la ley.<\/p>\n\n\n\n<p>Otro punto es que el partido en el que milita e hizo su carrera pol\u00edtica, Acci\u00f3n Nacional, acaba de pintarle mocos a los Yunes en el Comit\u00e9 Estatal, al no darles ninguna cartera. Literalmente fueron sacados del partido, el cual recuperaron los panistas identificados como tradicionales y del grupo del senador Julen Rementer\u00eda.<\/p>\n\n\n\n<p>Lo anterior, se sabe, es porque los Yunes rompieron acuerdos con ese grupo al no ganar las elecciones del 2018, donde Cuitl\u00e1huac\/Morena fue electo gobernador de Veracruz.<\/p>\n\n\n\n<p>De hecho, hay que recordar que el primer gran golpe que recibieron los yunistas fue cuando no pudieron imponer a Pepe Mancha como dirigente estatal del blanquiazul.<\/p>\n\n\n\n<p>En el caso hipot\u00e9tico de que &#8220;Miguel Chiquito&#8221; librara lo de la residencia en la ciudad de Veracruz, lo siguiente que se preguntar\u00eda uno es por cu\u00e1l partido ir\u00eda, pues todo parece indicar que Bingen Rementer\u00eda va a ser el abanderado del PAN; y si no fuese as\u00ed, dif\u00edcilmente el grupo de los Rementer\u00eda le entregar\u00eda a los Yunes el capital ganado con mucho esfuerzo y harto varo en los meses recientes.<\/p>\n\n\n\n<p>\u00bfSer\u00e1 entonces que veamos a &#8220;Miguel Chiquito&#8221; como abanderado del PRI y del PRD?<\/p>\n\n\n\n<p>En el puerto se rumora desde hace rato que Rogelio Franco Cast\u00e1n, exsecretario de Gobierno con el gobernador Yunes Linares, y el diputado federal Carlos Valenzuela (tambi\u00e9n del grupo neoyunista) estar\u00edan operando una estructura alterna para usar al PRD y a Movimiento Ciudadano para impulsar candidaturas &#8211;entre ellas las del &#8220;Chiquito&#8221;&#8211; que no obtendr\u00edan en el PAN donde ya no los quieren.<\/p>\n\n\n\n<p>Se comenta que otro partido que tambi\u00e9n los apoyar\u00eda con todo es el PRI, donde el patriarca y jefe del clan, Miguel \u00c1ngel Yunes Linares, inici\u00f3 y forj\u00f3 su carrera pol\u00edtica.<\/p>\n\n\n\n<p>O sea, algo as\u00ed como el hijo desobediente que regresa a casa, ya reivindicado, perdonado, con tal de que no se pierdan los bastiones donde han cimentado su t\u00f3xico y nefasto poder.<\/p>\n\n\n\n<p>No por nada desde hace rato tambi\u00e9n se menciona que en Boca del R\u00edo otro aspirante a la alcald\u00eda cercano a los Yunes jugar\u00eda bajo las siglas del tricolor que tanto denostaron e hicieron calabaza: se trata de Juan Manuel De Unanue Abascal, diputado local por el distrito de Boca del R\u00edo.<\/p>\n\n\n\n<p>\u00bfTe cae? \u00bfLos Yunes y anexas regresar\u00e1n al PRI y de paso ser\u00e1n abanderados del PRD? Abr\u00f3n. Hasta parece relaci\u00f3n incestuosa eso. Chiaaaleee&#8230;<\/p>\n\n\n\n<p><strong>NOTA PARA PEGAR EN EL REFRI:<\/strong>&nbsp;Ma\u00f1ana ser\u00e1n las elecciones presidenciales en Estados Unidos, donde los gabachos decidir\u00e1n si repite Donald Trump por cuatro a\u00f1os m\u00e1s en la Casa Blanca o si votan por Joe Biden, el vicepresidente durante el mandato de Barack Obama. A lo mejor la l\u00f3gica tipo Legarreta nos llevar\u00eda a pensar que las elecciones de Estados Unidos no nos afectan porque no somos gringos, pero la realidad es que s\u00ed tiene que ver mucho lo que pasa all\u00e1, porque repercute ac\u00e1. Por ejemplo, quiz\u00e1 Andr\u00e9s Manuel L\u00f3pez Obrador, cuando gan\u00f3 la presidencia, no ten\u00eda contemplado lo peligrosamente impredecible que era el presidente Trump y que finalmente obligar\u00eda a M\u00e9xico a pagar el muro que tanto prometi\u00f3 el magnate en campa\u00f1a; y no con dinero, sino usando a las fuerzas armadas mexicanas, a la Guardia Nacional y dem\u00e1s corporaciones para contener la migraci\u00f3n de centroamericanos y que no pasen al otro lado, lo que Trump ha capitalizado entre sus seguidores y fan\u00e1ticos. Quiz\u00e1 AMLO ten\u00eda otros planes y nunca tuvo contemplado que Donald Trump, pendenciero, le estar\u00eda dictando la pol\u00edtica migratoria del pa\u00eds a base de presiones y amenazas que, aparentemente, estar\u00edan fuera de lugar. Y decimos aparentemente, porque muy loquito Trump y toda la cosa, pero finalmente oblig\u00f3 a que M\u00e9xico pusiera atenci\u00f3n en la porosa frontera sur por donde pasa de todo sin control (mercanc\u00eda, droga y gente). &#8220;Haiga sido como haiga sido&#8221;, Trump ha marcado la pauta en M\u00e9xico. Mand\u00f3 al carajo el Tratado de Libre Comercio e hizo el propio suyo bautizado como T-MEC&#8230; \u00bfTendr\u00e1 AMLO y su gente el escenario preparado para lo que ser\u00eda un triunfo de Donald Trump? Ya se ver\u00e1.<\/p>\n\n\n\n<p><strong>OTRA NOTA:&nbsp;<\/strong>Comentan en los pasillos pol\u00edticos una hip\u00f3tesis nada descabellada: que AMLO habr\u00eda ordenado a Morena no meterse mucho en los bastiones de Coahuila e Hidalgo en el contexto de que trata de impedir la alianza PAN-PRI-PRD. Que habr\u00eda llegado a ese acuerdo con &#8220;Alito&#8221;, el dirigente nacional tricolor: &#8220;no me meto en Coahuila e Hidalgo, les dejo que se lleven carro completo, pero no se al\u00eden con el PAN&#8221;&#8230; S\u00ed, parece muy jalado, pero al menos los gobernadores de Edomex y Oaxaca (los otros bastiones priistas) no la han hecho de tos con el rollo federalista. A ver qu\u00e9 tan cierto es esto.<\/p>\n\n\n\n<p><strong>LA \u00daLTIMA PORQUE VOA CEN\u00c1, PADRE:\u00a0<\/strong>Y hablando de Oaxaca, xapap\u00e1, el gober Murat habl\u00f3 sobre el tema de la Alianza Federalista: &#8220;Hoy son tiempos de unidad, respeto por supuesto todas las expresiones pol\u00edticas de compa\u00f1eros y compa\u00f1eras gobernadores, pero nosotros estamos hoy poniendo como ejemplo a Oaxaca, en unidad y en coordinaci\u00f3n damos resultados a la poblaci\u00f3n&#8221;. Lo public\u00f3 el diario El Universal.<\/p>\n\n\n\n<p><strong>@pablojair<\/strong><\/p>\n","protected":false},"excerpt":{"rendered":"<p>+ Ma\u00f1ana elecciones en EE.UU.+ \u00bfAMLO reventar\u00e1 alianza PRI-PAN?+ Murat habla de unidad. El Chon Koneri anda recogiendo sus pasos en Nanciyaga&#8211;ChopenjawerLa semana pasada caus\u00f3 mucho revuelo la noticia de que Miguel \u00c1ngel Yunes M\u00e1rquez, el candidato perdedor en las pasadas elecciones a la gubernatura, regresar\u00eda por sus fueros e intentar\u00eda ir por la candidatura [&hellip;]<\/p>\n","protected":false},"author":1,"featured_media":488,"comment_status":"open","ping_status":"open","sticky":false,"template":"","format":"standard","meta":{"_jetpack_memberships_contains_paid_content":false,"footnotes":""},"categories":[11],"tags":[],"class_list":["post-7594","post","type-post","status-publish","format-standard","has-post-thumbnail","hentry","category-opinion"],"jetpack_featured_media_url":"https:\/\/encuentroinformativo.com.mx\/wp-content\/uploads\/2020\/03\/F471F608-BA1A-416B-BA7B-BCFB24F4E6D0.jpeg","jetpack_sharing_enabled":true,"jetpack_likes_enabled":true,"amp_enabled":true,"_links":{"self":[{"href":"https:\/\/encuentroinformativo.com.mx\/index.php?rest_route=\/wp\/v2\/posts\/7594","targetHints":{"allow":["GET"]}}],"collection":[{"href":"https:\/\/encuentroinformativo.com.mx\/index.php?rest_route=\/wp\/v2\/posts"}],"about":[{"href":"https:\/\/encuentroinformativo.com.mx\/index.php?rest_route=\/wp\/v2\/types\/post"}],"author":[{"embeddable":true,"href":"https:\/\/encuentroinformativo.com.mx\/index.php?rest_route=\/wp\/v2\/users\/1"}],"replies":[{"embeddable":true,"href":"https:\/\/encuentroinformativo.com.mx\/index.php?rest_route=%2Fwp%2Fv2%2Fcomments&post=7594"}],"version-history":[{"count":1,"href":"https:\/\/encuentroinformativo.com.mx\/index.php?rest_route=\/wp\/v2\/posts\/7594\/revisions"}],"predecessor-version":[{"id":7595,"href":"https:\/\/encuentroinformativo.com.mx\/index.php?rest_route=\/wp\/v2\/posts\/7594\/revisions\/7595"}],"wp:featuredmedia":[{"embeddable":true,"href":"https:\/\/encuentroinformativo.com.mx\/index.php?rest_route=\/wp\/v2\/media\/488"}],"wp:attachment":[{"href":"https:\/\/encuentroinformativo.com.mx\/index.php?rest_route=%2Fwp%2Fv2%2Fmedia&parent=7594"}],"wp:term":[{"taxonomy":"category","embeddable":true,"href":"https:\/\/encuentroinformativo.com.mx\/index.php?rest_route=%2Fwp%2Fv2%2Fcategories&post=7594"},{"taxonomy":"post_tag","embeddable":true,"href":"https:\/\/encuentroinformativo.com.mx\/index.php?rest_route=%2Fwp%2Fv2%2Ftags&post=7594"}],"curies":[{"name":"wp","href":"https:\/\/api.w.org\/{rel}","templated":true}]}}