{"id":7608,"date":"2020-11-02T11:34:19","date_gmt":"2020-11-02T17:34:19","guid":{"rendered":"https:\/\/encuentroinformativo.com.mx\/?p=7608"},"modified":"2020-11-02T11:34:22","modified_gmt":"2020-11-02T17:34:22","slug":"chiquiyunes-y-bingen-bob-esponja-y-patricio","status":"publish","type":"post","link":"https:\/\/encuentroinformativo.com.mx\/?p=7608","title":{"rendered":"Chiquiyunes y Bingen; Bob Esponja y Patricio"},"content":{"rendered":"\n<p><strong>Los Pol\u00edticos<\/strong><\/p>\n\n\n\n<p><strong>Salvador Mu\u00f1oz<\/strong><\/p>\n\n\n\n<p>Pues en los Yunes, parece que el pastel ya se reparti\u00f3: Fernando, para el 2024; Miguel chico, para la alcald\u00eda este 2021. Si las cosas fueran as\u00ed de simples, el que estar\u00eda gobernando la entidad por meras \u201cquerencias propias\u201d, ser\u00eda Chiquiyunes. La realidad es m\u00e1s dura, como la bofetada que recibieron hace dos a\u00f1os, \u201cHaiga sido, como haiga sido\u201d.<\/p>\n\n\n\n<p>Sacar a Miguel \u00c1ngel en este momento como una de las cartas fuertes para la alcald\u00eda de Veracruz, exhibe miedo, debilidad y hasta cierto punto, desesperaci\u00f3n por parte de los Yunes, y cuando refiero a \u201cLos Yunes\u201d, en este caso excluyo a don Miguel y atribuyo la jugada a los dos hermanos, Nando y Micky.<\/p>\n\n\n\n<p>\u00bfPor qu\u00e9 considerarlo un acto desesperado, de debilidad y miedo? Porque de las tres cartas que expuso el alcalde Fernando Yunes M\u00e1rquez como potenciales candidatas, simplemente no crecieron ante el aspirante que las encuestas marcan como favorito por encima de panistas y dem\u00e1s probables aspirantes a la alcald\u00eda porte\u00f1a: Bingen Rementer\u00eda\u2026 entonces, qu\u00e9 quedaba por hacer: \u201crecurrir a la vieja confiable\u201d&#8230;<\/p>\n\n\n\n<p>(\u201cLa vieja confiable\u201d es parte de un meme donde los protagonistas son Bob Esponja y Patricio; intenta explicar que ante cualquier problema, nada mejor como recurrir a algo conocido para desechar opciones nuevas\u2026 adultos, por favor, dir\u00edjanse a sus parientes adolescentes o infantiles para que se los expliquen)<\/p>\n\n\n\n<p>Sinceramente yo esperaba que Miguel \u00c1ngel Yunes M\u00e1rquez se embarcara como candidato a diputado si es que aspiraba a la revancha por la gubernatura. Digo, la cantidad de votos que recibi\u00f3 hace dos a\u00f1os era para que los cuidara, los preservara, se mantuviera activo, pero se perdi\u00f3 durante dos a\u00f1os cuando Bingen ya le lleva camino recorrido;&nbsp; bien dicen, Santo que no es visto\u2026<\/p>\n\n\n\n<p>Adem\u00e1s, el mero hecho de ponerlo entre los aspirantes a la alcald\u00eda despu\u00e9s de que su \u00faltima competici\u00f3n fue por la Gubernatura, pareciera que la pretensi\u00f3n es aplicar el viejo dicho: \u201c\u00a1P\u00f3nganme donde hay!\u201d<\/p>\n\n\n\n<p>No se puede negar que Chiquiyunes es una buena carta: dos veces alcalde de Boca del R\u00edo y la \u00faltima vez dej\u00f3 excelentes resultados\u2026 s\u00ed, de Boca del R\u00edo y puede ser candidato por el Puerto sin ning\u00fan problema \u00a1y hasta candidato a Gobernador del Estero!<\/p>\n\n\n\n<p>Quiz\u00e1s el \u00fanico \u201cpero\u201d que se le pudiera poner es la rendija que expone parte de lo que fue la contracampa\u00f1a de sus adversarios en la contienda del 2018: el sentido \u201cmon\u00e1rquico\u201d a este cargo de elecci\u00f3n, aderezado con un nuevo ingrediente: No pudo en la Gubernatura, ahora quiere ir por el Puerto.<\/p>\n\n\n\n<p>Tranquilos, no lo digo yo y tampoco tengo algo contra Chiquiyunes, pero es seguro que as\u00ed como son de habilidosos en sus escenarios para subir a la contienda por la alcald\u00eda porte\u00f1a a otro Yunes, igual deben estar contemplando esto: que la alcald\u00eda del Puerto sea vista como un coto de poder con el fierro de los Yunes, igual que ocurre en otros escenarios municipales como Tantoyuca con Chapito, como en la regi\u00f3n de los Tuxtlas con los Herviz y los Copete; y si quieren, hasta Orizaba, aunque all\u00ed es claro que el poder tuvo un fin muy claro\u2026 la ciudad y su desarrollo, sin predominio de apellidos.<\/p>\n\n\n\n<p>Al final, sea Chiquiyunes o Bingen, lo cierto es que de un modo u otro (como en muchos de nuestros municipios) los porte\u00f1os, al menos con este partido, el PAN, han de tener que aceptar que de un modo u otro, estar\u00e1n sujetos a los intereses de una familia, ya sea Yunes o Rementer\u00eda, primero en una campa\u00f1a, y luego, en el Ayuntamiento, una vez que demuestren con votos que por eso peleaban la candidatura\u2026 pero, tranquilos Bingencistas y Yunistas, no hagan tanto caso a quien basa un argumento en Bob Esponja y Patricio.<\/p>\n\n\n\n<p><a href=\"mailto:smcainito@gmail.com\" target=\"_blank\" rel=\"noreferrer noopener\">smcainito@gmail.com<\/a><\/p>\n","protected":false},"excerpt":{"rendered":"<p>Los Pol\u00edticos Salvador Mu\u00f1oz Pues en los Yunes, parece que el pastel ya se reparti\u00f3: Fernando, para el 2024; Miguel chico, para la alcald\u00eda este 2021. Si las cosas fueran as\u00ed de simples, el que estar\u00eda gobernando la entidad por meras \u201cquerencias propias\u201d, ser\u00eda Chiquiyunes. La realidad es m\u00e1s dura, como la bofetada que recibieron [&hellip;]<\/p>\n","protected":false},"author":1,"featured_media":387,"comment_status":"open","ping_status":"open","sticky":false,"template":"","format":"standard","meta":{"_jetpack_memberships_contains_paid_content":false,"footnotes":""},"categories":[11],"tags":[],"class_list":["post-7608","post","type-post","status-publish","format-standard","has-post-thumbnail","hentry","category-opinion"],"jetpack_featured_media_url":"https:\/\/encuentroinformativo.com.mx\/wp-content\/uploads\/2020\/03\/7CF8A22B-2764-47BE-8F7F-38FE9E5D6A2F.jpeg","jetpack_sharing_enabled":true,"jetpack_likes_enabled":true,"amp_enabled":true,"_links":{"self":[{"href":"https:\/\/encuentroinformativo.com.mx\/index.php?rest_route=\/wp\/v2\/posts\/7608","targetHints":{"allow":["GET"]}}],"collection":[{"href":"https:\/\/encuentroinformativo.com.mx\/index.php?rest_route=\/wp\/v2\/posts"}],"about":[{"href":"https:\/\/encuentroinformativo.com.mx\/index.php?rest_route=\/wp\/v2\/types\/post"}],"author":[{"embeddable":true,"href":"https:\/\/encuentroinformativo.com.mx\/index.php?rest_route=\/wp\/v2\/users\/1"}],"replies":[{"embeddable":true,"href":"https:\/\/encuentroinformativo.com.mx\/index.php?rest_route=%2Fwp%2Fv2%2Fcomments&post=7608"}],"version-history":[{"count":1,"href":"https:\/\/encuentroinformativo.com.mx\/index.php?rest_route=\/wp\/v2\/posts\/7608\/revisions"}],"predecessor-version":[{"id":7609,"href":"https:\/\/encuentroinformativo.com.mx\/index.php?rest_route=\/wp\/v2\/posts\/7608\/revisions\/7609"}],"wp:featuredmedia":[{"embeddable":true,"href":"https:\/\/encuentroinformativo.com.mx\/index.php?rest_route=\/wp\/v2\/media\/387"}],"wp:attachment":[{"href":"https:\/\/encuentroinformativo.com.mx\/index.php?rest_route=%2Fwp%2Fv2%2Fmedia&parent=7608"}],"wp:term":[{"taxonomy":"category","embeddable":true,"href":"https:\/\/encuentroinformativo.com.mx\/index.php?rest_route=%2Fwp%2Fv2%2Fcategories&post=7608"},{"taxonomy":"post_tag","embeddable":true,"href":"https:\/\/encuentroinformativo.com.mx\/index.php?rest_route=%2Fwp%2Fv2%2Ftags&post=7608"}],"curies":[{"name":"wp","href":"https:\/\/api.w.org\/{rel}","templated":true}]}}