{"id":7612,"date":"2020-11-02T12:04:13","date_gmt":"2020-11-02T18:04:13","guid":{"rendered":"https:\/\/encuentroinformativo.com.mx\/?p=7612"},"modified":"2020-11-02T12:04:16","modified_gmt":"2020-11-02T18:04:16","slug":"reducen-presupuesto-para-obras-en-coatepec","status":"publish","type":"post","link":"https:\/\/encuentroinformativo.com.mx\/?p=7612","title":{"rendered":"Reducen presupuesto para obras en Coatepec"},"content":{"rendered":"\n<p><strong>Juan Arcos <\/strong><\/p>\n\n\n\n<p>Coatepec, Ver.- El municipio de Coatepec sufri\u00f3 una disminuci\u00f3n del 50 por ciento en el presupuesto destinado a la obra p\u00fablica para el ejercicio fiscal 2020.<\/p>\n\n\n\n<p>El alcalde Luis Enrique Fern\u00e1ndez Peredo revel\u00f3 que este a\u00f1o solo ser\u00edan ejercidos 47 millones de pesos en dicha materia, cuando en 2019 fueron m\u00e1s de 80 millones de pesos.<\/p>\n\n\n\n<p>Adem\u00e1s, el entrevistado detall\u00f3 que, en el primer a\u00f1o de su administraci\u00f3n municipal, fueron destinados 167 millones de pesos a la obra p\u00fablica.<\/p>\n\n\n\n<p>\u201cEn este 2020, como puedes ver la inversi\u00f3n es a la mitad, hemos ido de mitad en mitad (durante los \u00faltimos a\u00f1os)\u201d.<\/p>\n\n\n\n<p>El edil indic\u00f3 que la reducci\u00f3n se debi\u00f3 a los cierres de programas y los recortes presupuestales que se han venido realizando en la administraci\u00f3n federal.<\/p>\n\n\n\n<p>\u201cEso viene a afectar a los municipios, que somos la parte m\u00e1s chica, m\u00e1s sensible, a la que le quitas un peso y lo metes en complicaciones\u201d.<\/p>\n\n\n\n<p>Fern\u00e1ndez Peredo asegur\u00f3 que la obra p\u00fablica no ha parado recientemente, toda vez que el gobierno federal ha depositado en tiempo y forma los recursos del Ramo 033.<\/p>\n\n\n\n<p>\u201cUna vez que el gobierno federal dio l\u00ednea para que pudi\u00e9ramos arrancar lo que son las obras, por el tema de la pandemia estaban paradas, el gobierno de Coatepec empez\u00f3\u201d.<\/p>\n\n\n\n<p>En ese sentido, agreg\u00f3 que algunas obras ya han sido concluidas y ser\u00e1n inauguradas en pr\u00f3ximos d\u00edas, en eventos donde sea respetada la sana distancia para evitar contagios de SARS-COV-2 (COVID-19).<\/p>\n","protected":false},"excerpt":{"rendered":"<p>Juan Arcos Coatepec, Ver.- El municipio de Coatepec sufri\u00f3 una disminuci\u00f3n del 50 por ciento en el presupuesto destinado a la obra p\u00fablica para el ejercicio fiscal 2020. El alcalde Luis Enrique Fern\u00e1ndez Peredo revel\u00f3 que este a\u00f1o solo ser\u00edan ejercidos 47 millones de pesos en dicha materia, cuando en 2019 fueron m\u00e1s de 80 [&hellip;]<\/p>\n","protected":false},"author":1,"featured_media":7613,"comment_status":"open","ping_status":"open","sticky":false,"template":"","format":"standard","meta":{"_jetpack_memberships_contains_paid_content":false,"footnotes":""},"categories":[8],"tags":[],"class_list":["post-7612","post","type-post","status-publish","format-standard","has-post-thumbnail","hentry","category-region"],"jetpack_featured_media_url":"https:\/\/encuentroinformativo.com.mx\/wp-content\/uploads\/2020\/11\/6FD83111-1420-4D6C-9445-72C41AA6ACA4.jpeg","jetpack_sharing_enabled":true,"jetpack_likes_enabled":true,"amp_enabled":true,"_links":{"self":[{"href":"https:\/\/encuentroinformativo.com.mx\/index.php?rest_route=\/wp\/v2\/posts\/7612","targetHints":{"allow":["GET"]}}],"collection":[{"href":"https:\/\/encuentroinformativo.com.mx\/index.php?rest_route=\/wp\/v2\/posts"}],"about":[{"href":"https:\/\/encuentroinformativo.com.mx\/index.php?rest_route=\/wp\/v2\/types\/post"}],"author":[{"embeddable":true,"href":"https:\/\/encuentroinformativo.com.mx\/index.php?rest_route=\/wp\/v2\/users\/1"}],"replies":[{"embeddable":true,"href":"https:\/\/encuentroinformativo.com.mx\/index.php?rest_route=%2Fwp%2Fv2%2Fcomments&post=7612"}],"version-history":[{"count":1,"href":"https:\/\/encuentroinformativo.com.mx\/index.php?rest_route=\/wp\/v2\/posts\/7612\/revisions"}],"predecessor-version":[{"id":7614,"href":"https:\/\/encuentroinformativo.com.mx\/index.php?rest_route=\/wp\/v2\/posts\/7612\/revisions\/7614"}],"wp:featuredmedia":[{"embeddable":true,"href":"https:\/\/encuentroinformativo.com.mx\/index.php?rest_route=\/wp\/v2\/media\/7613"}],"wp:attachment":[{"href":"https:\/\/encuentroinformativo.com.mx\/index.php?rest_route=%2Fwp%2Fv2%2Fmedia&parent=7612"}],"wp:term":[{"taxonomy":"category","embeddable":true,"href":"https:\/\/encuentroinformativo.com.mx\/index.php?rest_route=%2Fwp%2Fv2%2Fcategories&post=7612"},{"taxonomy":"post_tag","embeddable":true,"href":"https:\/\/encuentroinformativo.com.mx\/index.php?rest_route=%2Fwp%2Fv2%2Ftags&post=7612"}],"curies":[{"name":"wp","href":"https:\/\/api.w.org\/{rel}","templated":true}]}}