{"id":7619,"date":"2020-11-02T13:53:24","date_gmt":"2020-11-02T19:53:24","guid":{"rendered":"https:\/\/encuentroinformativo.com.mx\/?p=7619"},"modified":"2020-11-02T13:53:27","modified_gmt":"2020-11-02T19:53:27","slug":"incongruencia-del-ayuntamiento-al-solicitar-creditos-senala-prd","status":"publish","type":"post","link":"https:\/\/encuentroinformativo.com.mx\/?p=7619","title":{"rendered":"Incongruencia del Ayuntamiento al solicitar cr\u00e9ditos, se\u00f1ala PRD"},"content":{"rendered":"\n<p><strong>Dar\u00edo Pale <\/strong><\/p>\n\n\n\n<p>Xalapa, Ver.- El Presidente del Comit\u00e9 Directivo Municipal (CDM), del Partido de la Revoluci\u00f3n Democr\u00e1tica (PRD), Alberto Meza Abud dio a conocer que es incongruente que el ayuntamiento de Xalapa este solicitando un cr\u00e9dito a BANOBRAS cuando en a\u00f1os anteriores estaba devolviendo recursos a la federaci\u00f3n.<\/p>\n\n\n\n<p>En conferencia de prensa realizada en conocido caf\u00e9 del centro de Xalapa, se\u00f1al\u00f3 que lo que actualmente se est\u00e1 viviendo es que muchos xalape\u00f1os se quejaban por las actividades de la actual administraci\u00f3n y hoy se est\u00e1 viendo que cada d\u00eda m\u00e1s se suman para poder participar en un cambio importante en la ciudad.<\/p>\n\n\n\n<p>&#8220;Se habla de que va a haber una alianza en la capital del estado de Veracruz, evidentemente tendr\u00e1 que ser avalado por el comit\u00e9 ejecutivo nacional y el comit\u00e9 ejecutivo estatal, pero mientras eso suceda el PRD est\u00e1 trabajando para consolidarse, ir de frente con la sociedad estamos recorriendo la ciudad&#8221;, se\u00f1al\u00f3.<\/p>\n\n\n\n<p>En cuanto al desempe\u00f1o del ayuntamiento dio a conocer que ahora se preocupa por solicitar nuevos cr\u00e9ditos, cabe se\u00f1alar que no es una anticipaci\u00f3n de participaciones, es un cr\u00e9dito que otorga BANOBRAS y en el momento que otorga los cr\u00e9ditos a cualquier administraci\u00f3n municipal cobra un interesa momento que se paga, lo cual les preocupa porque es una incongruencia ya que en los a\u00f1os anteriores estaba devolviendo recursos a la federaci\u00f3n.<\/p>\n\n\n\n<p>Dio a conocer que lamentablemente no se conoce ning\u00fan proyecto ejecutivo que avale la solicitud de los recursos que est\u00e1n solicitando el alcalde, espera que ojal\u00e1 sea para la obra p\u00fablica pero llama mucho la atenci\u00f3n que faltando dos meses para que concluya este a\u00f1o est\u00e9n solicitando un recurso que se desconoce para que sea.<\/p>\n\n\n\n<p>Lo anterior habla de un desajuste administrativo , de una mala planeaci\u00f3n en cuanto a la ciudad ya que los recursos no est\u00e1n siendo transparentamos en su aplicaci\u00f3n, ya que la ciudad est\u00e1 llena de baches al igual que los parques y jardines que est\u00e1n abandonados esto a pesar de que Xalapa es el segundo municipio con el mayor presupuesto del estado de Veracruz.<\/p>\n\n\n\n<p>En cuanto a las pintas de las bardas con el logotipo de Morena se\u00f1al\u00f3 que es lamentable que se est\u00e9n utilizando los espacios p\u00fablicos para hacer propaganda a un proyecto pol\u00edtico, la ley es muy clara y se\u00f1ala que solo se pueden ocupar los espacios particulares previa autorizaci\u00f3n de cada uno de los due\u00f1os que otorguen esos espacios.<\/p>\n\n\n\n<p>Finalmente lamento que \u00e9l OPLE no haya realizado alguna sanci\u00f3n a aquellos que est\u00e1n pintando los espacios p\u00fablicos ya que son de todos y que en este momento por ley est\u00e1n prohibidos para colocar publicidad electoral hacia alg\u00fan partido o candidato, por lo que de forma respetuosa hacen un llamado al OPLE para que aplique las sanciones correspondientes.\u00a0<\/p>\n","protected":false},"excerpt":{"rendered":"<p>Dar\u00edo Pale Xalapa, Ver.- El Presidente del Comit\u00e9 Directivo Municipal (CDM), del Partido de la Revoluci\u00f3n Democr\u00e1tica (PRD), Alberto Meza Abud dio a conocer que es incongruente que el ayuntamiento de Xalapa este solicitando un cr\u00e9dito a BANOBRAS cuando en a\u00f1os anteriores estaba devolviendo recursos a la federaci\u00f3n. En conferencia de prensa realizada en conocido [&hellip;]<\/p>\n","protected":false},"author":1,"featured_media":7620,"comment_status":"open","ping_status":"open","sticky":false,"template":"","format":"standard","meta":{"_jetpack_memberships_contains_paid_content":false,"footnotes":""},"categories":[3],"tags":[],"class_list":["post-7619","post","type-post","status-publish","format-standard","has-post-thumbnail","hentry","category-xalapa"],"jetpack_featured_media_url":"https:\/\/encuentroinformativo.com.mx\/wp-content\/uploads\/2020\/11\/1475EB42-F966-40B8-AA71-4C4B2ADDC8D7.jpeg","jetpack_sharing_enabled":true,"jetpack_likes_enabled":true,"amp_enabled":true,"_links":{"self":[{"href":"https:\/\/encuentroinformativo.com.mx\/index.php?rest_route=\/wp\/v2\/posts\/7619","targetHints":{"allow":["GET"]}}],"collection":[{"href":"https:\/\/encuentroinformativo.com.mx\/index.php?rest_route=\/wp\/v2\/posts"}],"about":[{"href":"https:\/\/encuentroinformativo.com.mx\/index.php?rest_route=\/wp\/v2\/types\/post"}],"author":[{"embeddable":true,"href":"https:\/\/encuentroinformativo.com.mx\/index.php?rest_route=\/wp\/v2\/users\/1"}],"replies":[{"embeddable":true,"href":"https:\/\/encuentroinformativo.com.mx\/index.php?rest_route=%2Fwp%2Fv2%2Fcomments&post=7619"}],"version-history":[{"count":1,"href":"https:\/\/encuentroinformativo.com.mx\/index.php?rest_route=\/wp\/v2\/posts\/7619\/revisions"}],"predecessor-version":[{"id":7621,"href":"https:\/\/encuentroinformativo.com.mx\/index.php?rest_route=\/wp\/v2\/posts\/7619\/revisions\/7621"}],"wp:featuredmedia":[{"embeddable":true,"href":"https:\/\/encuentroinformativo.com.mx\/index.php?rest_route=\/wp\/v2\/media\/7620"}],"wp:attachment":[{"href":"https:\/\/encuentroinformativo.com.mx\/index.php?rest_route=%2Fwp%2Fv2%2Fmedia&parent=7619"}],"wp:term":[{"taxonomy":"category","embeddable":true,"href":"https:\/\/encuentroinformativo.com.mx\/index.php?rest_route=%2Fwp%2Fv2%2Fcategories&post=7619"},{"taxonomy":"post_tag","embeddable":true,"href":"https:\/\/encuentroinformativo.com.mx\/index.php?rest_route=%2Fwp%2Fv2%2Ftags&post=7619"}],"curies":[{"name":"wp","href":"https:\/\/api.w.org\/{rel}","templated":true}]}}