{"id":7629,"date":"2020-11-02T15:24:45","date_gmt":"2020-11-02T21:24:45","guid":{"rendered":"https:\/\/encuentroinformativo.com.mx\/?p=7629"},"modified":"2020-11-02T15:24:47","modified_gmt":"2020-11-02T21:24:47","slug":"recuerda-arquidiocesis-7-sacerdotes-fallecidos-en-el-2020","status":"publish","type":"post","link":"https:\/\/encuentroinformativo.com.mx\/?p=7629","title":{"rendered":"Recuerda Arquidi\u00f3cesis 7 sacerdotes fallecidos en el 2020"},"content":{"rendered":"\n<p><strong>Juan Arcos <\/strong><\/p>\n\n\n\n<p>Xalapa, Ver.- La Arquidi\u00f3cesis de Xalapa report\u00f3 el fallecimiento de siete sacerdotes en lo que va de este a\u00f1o, quienes son recordados por la Iglesia Cat\u00f3lica en los festejos de Todos Santos.<\/p>\n\n\n\n<p>El vocero de la Arquidi\u00f3cesis de Xalapa, Jos\u00e9 Manuel Suazo Reyes, record\u00f3 que se trata de los presb\u00edteros Vicente Condado S\u00e1nchez, Juan Francisco D\u00edaz D\u00edaz, Jos\u00e9 de Jes\u00fas L\u00f3pez Alarc\u00f3n, Javier Fontaine Vel\u00e1zquez, Gilberto Su\u00e1rez Rebolledo, Gabriel Maga\u00f1a Santoyo y \u00c1lvaro Fern\u00e1ndez \u00c1vila.<\/p>\n\n\n\n<p>Los \u00faltimos tres sacerdotes mencionados murieron a causa del SARS-COV-2 (COVID-19), debido a que tuvieron complicaciones por padecer enfermedades cr\u00f3nicas degenerativas.<\/p>\n\n\n\n<p>El vocero a\u00f1adi\u00f3 que hasta el momento ya no ha recibido reportes de sacerdotes que hayan dado positivo a la prueba del coronavirus.<br>Fern\u00e1ndez \u00c1vila falleci\u00f3 a sus 87 a\u00f1os, la noche del pasado lunes 20 de julio, a causa de un paro respiratorio. Era muy recordado en la poblaci\u00f3n xalape\u00f1a por su imperante labor como exorcista.<\/p>\n\n\n\n<p>En agosto pasado, Su\u00e1rez Rebolledo, quien se desempe\u00f1aba como Vicario general del Arzobispado y p\u00e1rroco en la Bas\u00edlica Menor de la Virgen de Guadalupe en Xalapa, muri\u00f3 a causa de un infarto.<\/p>\n\n\n\n<p>Una semana despu\u00e9s, la noche del 17 de agosto, Maga\u00f1a Santoyo falleci\u00f3 en el Centro de Alta Especialidad &#8220;Doctor Rafael Lucio&#8221;, a causa de complicaciones por coronavirus.<br>Cabe recordar que tambi\u00e9n han fallecido sacerdotes en Coatzacoalcos, C\u00f3rdoba, Orizaba y hasta religiosas por la pandemia del COVID-19.<\/p>\n","protected":false},"excerpt":{"rendered":"<p>Juan Arcos Xalapa, Ver.- La Arquidi\u00f3cesis de Xalapa report\u00f3 el fallecimiento de siete sacerdotes en lo que va de este a\u00f1o, quienes son recordados por la Iglesia Cat\u00f3lica en los festejos de Todos Santos. El vocero de la Arquidi\u00f3cesis de Xalapa, Jos\u00e9 Manuel Suazo Reyes, record\u00f3 que se trata de los presb\u00edteros Vicente Condado S\u00e1nchez, [&hellip;]<\/p>\n","protected":false},"author":1,"featured_media":7630,"comment_status":"open","ping_status":"open","sticky":false,"template":"","format":"standard","meta":{"_jetpack_memberships_contains_paid_content":false,"footnotes":""},"categories":[3],"tags":[],"class_list":["post-7629","post","type-post","status-publish","format-standard","has-post-thumbnail","hentry","category-xalapa"],"jetpack_featured_media_url":"https:\/\/encuentroinformativo.com.mx\/wp-content\/uploads\/2020\/11\/5952CD6A-A9FA-4F8C-9E8E-5E3AA833F2CD.jpeg","jetpack_sharing_enabled":true,"jetpack_likes_enabled":true,"amp_enabled":true,"_links":{"self":[{"href":"https:\/\/encuentroinformativo.com.mx\/index.php?rest_route=\/wp\/v2\/posts\/7629","targetHints":{"allow":["GET"]}}],"collection":[{"href":"https:\/\/encuentroinformativo.com.mx\/index.php?rest_route=\/wp\/v2\/posts"}],"about":[{"href":"https:\/\/encuentroinformativo.com.mx\/index.php?rest_route=\/wp\/v2\/types\/post"}],"author":[{"embeddable":true,"href":"https:\/\/encuentroinformativo.com.mx\/index.php?rest_route=\/wp\/v2\/users\/1"}],"replies":[{"embeddable":true,"href":"https:\/\/encuentroinformativo.com.mx\/index.php?rest_route=%2Fwp%2Fv2%2Fcomments&post=7629"}],"version-history":[{"count":1,"href":"https:\/\/encuentroinformativo.com.mx\/index.php?rest_route=\/wp\/v2\/posts\/7629\/revisions"}],"predecessor-version":[{"id":7631,"href":"https:\/\/encuentroinformativo.com.mx\/index.php?rest_route=\/wp\/v2\/posts\/7629\/revisions\/7631"}],"wp:featuredmedia":[{"embeddable":true,"href":"https:\/\/encuentroinformativo.com.mx\/index.php?rest_route=\/wp\/v2\/media\/7630"}],"wp:attachment":[{"href":"https:\/\/encuentroinformativo.com.mx\/index.php?rest_route=%2Fwp%2Fv2%2Fmedia&parent=7629"}],"wp:term":[{"taxonomy":"category","embeddable":true,"href":"https:\/\/encuentroinformativo.com.mx\/index.php?rest_route=%2Fwp%2Fv2%2Fcategories&post=7629"},{"taxonomy":"post_tag","embeddable":true,"href":"https:\/\/encuentroinformativo.com.mx\/index.php?rest_route=%2Fwp%2Fv2%2Ftags&post=7629"}],"curies":[{"name":"wp","href":"https:\/\/api.w.org\/{rel}","templated":true}]}}