{"id":7632,"date":"2020-11-02T15:30:44","date_gmt":"2020-11-02T21:30:44","guid":{"rendered":"https:\/\/encuentroinformativo.com.mx\/?p=7632"},"modified":"2020-11-02T15:31:15","modified_gmt":"2020-11-02T21:31:15","slug":"por-mal-tiempo-realizaran-concurso-de-catrinas-en-teatro-clavijero","status":"publish","type":"post","link":"https:\/\/encuentroinformativo.com.mx\/?p=7632","title":{"rendered":"Por mal tiempo, realizar\u00e1n concurso de catrinas en teatro Clavijero"},"content":{"rendered":"\n<p><strong>Alejandro \u00c1vila<\/strong><\/p>\n\n\n\n<p>Veracruz, Ver.- El concurso de Catrinas que hab\u00eda sido reprogramado para este lunes 2 de noviembre a las 18 horas, s\u00ed se llevar\u00e1 a cabo, pero ser\u00e1 trasladado al teatro &#8220;Francisco Javier Clavijero&#8221; que ubica en la calle Emparan, debido a las fuertes rachas de vientos del norte que azotan la ciudad y para salvaguardar la integrida de los participantes.<\/p>\n\n\n\n<p>El director de Turismo de Veracruz, Jos\u00e9 Salvatori Arjona, explic\u00f3 que no se contemplo una suspensi\u00f3n del evento, pues consideran es fundamental conservar la tradici\u00f3n de benerar a los fieles difundos.<\/p>\n\n\n\n<p>&#8220;Debido a que el teatro Clavijero es un espacio cerrado, el p\u00fablico solo podr\u00e1 disfrutar de la belleza y todo lo que representan las Catrinas a trav\u00e9s de las redes sociales de Veracruz Te Quiero&#8221;, mencion\u00f3.<\/p>\n\n\n\n<p>El funcionario municipal mencion\u00f3 que ser\u00e1n 23 los participantes a quienes se les calificar\u00e1 la creatividad, la complejidad del maquillaje, el vestuario el peinado y la interacci\u00f3n de la modelo con el p\u00fablico asistente.<\/p>\n\n\n\n<p>Si bien en alg\u00fan momento el tema climatol\u00f3gico caus\u00f3 incertidumbre entre las participantes, Salvatori Arjona mencion\u00f3 que al informales del cambio de sede, todos los involucrados en el concurso quedaron satifechos con la decisi\u00f3n.<\/p>\n","protected":false},"excerpt":{"rendered":"<p>Alejandro \u00c1vila Veracruz, Ver.- El concurso de Catrinas que hab\u00eda sido reprogramado para este lunes 2 de noviembre a las 18 horas, s\u00ed se llevar\u00e1 a cabo, pero ser\u00e1 trasladado al teatro &#8220;Francisco Javier Clavijero&#8221; que ubica en la calle Emparan, debido a las fuertes rachas de vientos del norte que azotan la ciudad y [&hellip;]<\/p>\n","protected":false},"author":1,"featured_media":7633,"comment_status":"open","ping_status":"open","sticky":false,"template":"","format":"standard","meta":{"_jetpack_memberships_contains_paid_content":false,"footnotes":""},"categories":[2],"tags":[],"class_list":["post-7632","post","type-post","status-publish","format-standard","has-post-thumbnail","hentry","category-estado"],"jetpack_featured_media_url":"https:\/\/encuentroinformativo.com.mx\/wp-content\/uploads\/2020\/11\/4BEAE2FE-DF71-4EF0-A5FF-1AA5BB5B192F.jpeg","jetpack_sharing_enabled":true,"jetpack_likes_enabled":true,"amp_enabled":true,"_links":{"self":[{"href":"https:\/\/encuentroinformativo.com.mx\/index.php?rest_route=\/wp\/v2\/posts\/7632","targetHints":{"allow":["GET"]}}],"collection":[{"href":"https:\/\/encuentroinformativo.com.mx\/index.php?rest_route=\/wp\/v2\/posts"}],"about":[{"href":"https:\/\/encuentroinformativo.com.mx\/index.php?rest_route=\/wp\/v2\/types\/post"}],"author":[{"embeddable":true,"href":"https:\/\/encuentroinformativo.com.mx\/index.php?rest_route=\/wp\/v2\/users\/1"}],"replies":[{"embeddable":true,"href":"https:\/\/encuentroinformativo.com.mx\/index.php?rest_route=%2Fwp%2Fv2%2Fcomments&post=7632"}],"version-history":[{"count":1,"href":"https:\/\/encuentroinformativo.com.mx\/index.php?rest_route=\/wp\/v2\/posts\/7632\/revisions"}],"predecessor-version":[{"id":7634,"href":"https:\/\/encuentroinformativo.com.mx\/index.php?rest_route=\/wp\/v2\/posts\/7632\/revisions\/7634"}],"wp:featuredmedia":[{"embeddable":true,"href":"https:\/\/encuentroinformativo.com.mx\/index.php?rest_route=\/wp\/v2\/media\/7633"}],"wp:attachment":[{"href":"https:\/\/encuentroinformativo.com.mx\/index.php?rest_route=%2Fwp%2Fv2%2Fmedia&parent=7632"}],"wp:term":[{"taxonomy":"category","embeddable":true,"href":"https:\/\/encuentroinformativo.com.mx\/index.php?rest_route=%2Fwp%2Fv2%2Fcategories&post=7632"},{"taxonomy":"post_tag","embeddable":true,"href":"https:\/\/encuentroinformativo.com.mx\/index.php?rest_route=%2Fwp%2Fv2%2Ftags&post=7632"}],"curies":[{"name":"wp","href":"https:\/\/api.w.org\/{rel}","templated":true}]}}