{"id":7635,"date":"2020-11-02T16:17:02","date_gmt":"2020-11-02T22:17:02","guid":{"rendered":"https:\/\/encuentroinformativo.com.mx\/?p=7635"},"modified":"2020-11-02T16:17:05","modified_gmt":"2020-11-02T22:17:05","slug":"dano-patrimonial-por-ineficacia-de-gobierno-acusa-diputado","status":"publish","type":"post","link":"https:\/\/encuentroinformativo.com.mx\/?p=7635","title":{"rendered":"Da\u00f1o patrimonial por ineficacia de gobierno, acusa diputado"},"content":{"rendered":"\n<p><strong>Alejandro \u00c1vila<\/strong><\/p>\n\n\n\n<p>Veracruz, Ver.- Las irregularidades que se\u00f1al\u00f3 la Auditor\u00eda Superior de la Federaci\u00f3n (ASF) sobre la Cuenta P\u00fablica 2019, son exclusivamente culpa del Gobierno del Estado de Veracruz, se\u00f1al\u00f3 el diputado Bingen Rementer\u00eda Molina.<\/p>\n\n\n\n<p>El panista dijo lamenta que la entidad veracruzana tenga m\u00e1s de dos mil quinientos millones de pesos de presunto da\u00f1o patrimonial, siendo los sectores de Educaci\u00f3n y Salud donde se presenta el 80 por ciento total del da\u00f1o.<\/p>\n\n\n\n<p>\u201cEsto habla de una irregularidad, una ineficiencia y sobre todo una incapacidad de este Gobierno para la aplicaci\u00f3n correcta de estos recursos, y no descartar\u00eda presuntos actos de corrupci\u00f3n por supuesto, porque no es posible al final, que Veracruz siempre est\u00e9 en los primeros lugares de todo lo malo, estamos hablando de dos mil quinientos millones de pesos de presunto da\u00f1o patrimonial, que evidentemente hay un responsable y el responsable es el Gobierno del Estado en todo su conjunto, por su incapacidad y su ineficiencia\u201d, remat\u00f3.<\/p>\n\n\n\n<p>El Legislador de Veracruz Puerto, dijo que se debe poner atenci\u00f3n en las Secretar\u00edas de Salud y Educaci\u00f3n, pues ah\u00ed se concentra el 80 por ciento de las irregularidades, por lo que se deben fincar las responsabilidades correspondientes y esclarecer los hechos, pues si se detecta corrupci\u00f3n se deben castigar a los responsables.<\/p>\n\n\n\n<p>\u201cHay que recordar que estos son fondos federales, los fondos federales los fiscaliza el Congreso de la Uni\u00f3n, el Congreso Local le toca fiscalizar las anomal\u00edas que detecta el ORFIS, el \u00d3rgano de Fiscalizaci\u00f3n Local, entonces estaremos muy atentos a ver cu\u00e1l es la solventaci\u00f3n que van a presentar ante estas irregularidades que se dieron en estos \u00faltimos d\u00edas por parte de la Auditor\u00eda Superior de la Federaci\u00f3n\u201d, culmin\u00f3.<\/p>\n","protected":false},"excerpt":{"rendered":"<p>Alejandro \u00c1vila Veracruz, Ver.- Las irregularidades que se\u00f1al\u00f3 la Auditor\u00eda Superior de la Federaci\u00f3n (ASF) sobre la Cuenta P\u00fablica 2019, son exclusivamente culpa del Gobierno del Estado de Veracruz, se\u00f1al\u00f3 el diputado Bingen Rementer\u00eda Molina. El panista dijo lamenta que la entidad veracruzana tenga m\u00e1s de dos mil quinientos millones de pesos de presunto da\u00f1o [&hellip;]<\/p>\n","protected":false},"author":1,"featured_media":7636,"comment_status":"open","ping_status":"open","sticky":false,"template":"","format":"standard","meta":{"_jetpack_memberships_contains_paid_content":false,"footnotes":""},"categories":[2],"tags":[],"class_list":["post-7635","post","type-post","status-publish","format-standard","has-post-thumbnail","hentry","category-estado"],"jetpack_featured_media_url":"https:\/\/encuentroinformativo.com.mx\/wp-content\/uploads\/2020\/11\/36C6D704-2079-4EF8-B3C9-60E4729D1F31.jpeg","jetpack_sharing_enabled":true,"jetpack_likes_enabled":true,"amp_enabled":true,"_links":{"self":[{"href":"https:\/\/encuentroinformativo.com.mx\/index.php?rest_route=\/wp\/v2\/posts\/7635","targetHints":{"allow":["GET"]}}],"collection":[{"href":"https:\/\/encuentroinformativo.com.mx\/index.php?rest_route=\/wp\/v2\/posts"}],"about":[{"href":"https:\/\/encuentroinformativo.com.mx\/index.php?rest_route=\/wp\/v2\/types\/post"}],"author":[{"embeddable":true,"href":"https:\/\/encuentroinformativo.com.mx\/index.php?rest_route=\/wp\/v2\/users\/1"}],"replies":[{"embeddable":true,"href":"https:\/\/encuentroinformativo.com.mx\/index.php?rest_route=%2Fwp%2Fv2%2Fcomments&post=7635"}],"version-history":[{"count":1,"href":"https:\/\/encuentroinformativo.com.mx\/index.php?rest_route=\/wp\/v2\/posts\/7635\/revisions"}],"predecessor-version":[{"id":7637,"href":"https:\/\/encuentroinformativo.com.mx\/index.php?rest_route=\/wp\/v2\/posts\/7635\/revisions\/7637"}],"wp:featuredmedia":[{"embeddable":true,"href":"https:\/\/encuentroinformativo.com.mx\/index.php?rest_route=\/wp\/v2\/media\/7636"}],"wp:attachment":[{"href":"https:\/\/encuentroinformativo.com.mx\/index.php?rest_route=%2Fwp%2Fv2%2Fmedia&parent=7635"}],"wp:term":[{"taxonomy":"category","embeddable":true,"href":"https:\/\/encuentroinformativo.com.mx\/index.php?rest_route=%2Fwp%2Fv2%2Fcategories&post=7635"},{"taxonomy":"post_tag","embeddable":true,"href":"https:\/\/encuentroinformativo.com.mx\/index.php?rest_route=%2Fwp%2Fv2%2Ftags&post=7635"}],"curies":[{"name":"wp","href":"https:\/\/api.w.org\/{rel}","templated":true}]}}