{"id":7646,"date":"2020-11-03T11:10:16","date_gmt":"2020-11-03T17:10:16","guid":{"rendered":"https:\/\/encuentroinformativo.com.mx\/?p=7646"},"modified":"2020-11-03T11:10:35","modified_gmt":"2020-11-03T17:10:35","slug":"el-yuniorismo","status":"publish","type":"post","link":"https:\/\/encuentroinformativo.com.mx\/?p=7646","title":{"rendered":"El Yuniorismo"},"content":{"rendered":"\n<p><strong>Los Pol\u00edticos<\/strong><\/p>\n\n\n\n<p><strong>Salvador Mu\u00f1oz<\/strong><\/p>\n\n\n\n<p>El problema del PAN realmente empez\u00f3 en el 2016\u2026 los escenarios contemplados en un proyecto a largo plazo que iniciaba con dos a\u00f1os, fue abruptamente interrumpido por dos factores: AMLO y las huestes de los Yunes chicos.<\/p>\n\n\n\n<p>Explicar el primer punto, ser\u00eda redundante y soso cuando es de todos conocido el resultado\u2026 el segundo punto, las huestes de los Yunes chicos tuvo su origen desde el 2016, cuando en varios puntos de la administraci\u00f3n estatal y del poder legislativo llegaron los amigos y conocidos de Miguel \u00c1ngel Yunes M\u00e1rquez.<\/p>\n\n\n\n<p>El arribo de estos personajes no tendr\u00eda ning\u00fan problema porque era parte de ese proyecto a largo plazo que en l\u00edneas arriba cit\u00e9; el asunto es fue c\u00f3mo lleg\u00f3 la mayor\u00eda de ellos: prepotentes, arbitrarios, sobrados\u2026 dije la mayor\u00eda\u2026 no todos. Tanto en el Congreso local como en distintas \u00e1reas del Gobierno estatal lo han de recordar muchos empleados.<\/p>\n\n\n\n<p>Caso contrario ocurri\u00f3 donde el Gobernador dispuso de su gente de confianza para diversos cargos: trato y tacto pol\u00edtico.<\/p>\n\n\n\n<p>Entonces, cuando llega el 2018, se desmorona el proyecto pero quedan vestigios del yunismo o yuniorismo (de Yunes junior) con varios elementos que pretendieron mantener presencia, primero, a trav\u00e9s de la dirigencia estatal del PAN\u2026 y no pudieron\u2026 luego, con ese famoso golpe de Estado en el Congreso que s\u00f3lo hizo ver mal a sus golpistas.<\/p>\n\n\n\n<p>El \u00faltimo suceso se est\u00e1 dando, ahora, en el Puerto de Veracruz, donde hay toda la intenci\u00f3n para que Fernando Yunes M\u00e1rquez coloque al candidato a la alcald\u00eda\u2026 o m\u00e1s bien, negocie al candidato a la alcald\u00eda.<\/p>\n\n\n\n<p>En pol\u00edtica, el posicionamiento de Nando, pudi\u00e9ramos decir que es el m\u00e1s l\u00f3gico: un alcalde que ha hecho un buen trabajo en su municipio, tiene vara alta para opinar sobre la sucesi\u00f3n\u2026 o sobre su sucesor. S\u00ed, opinar, acordar, m\u00e1s cuando la dirigencia ya le deja en claro que las candidaturas estar\u00e1n sujetas a los requisitos que marque la Ley\u2026<\/p>\n\n\n\n<p>Por supuesto que lo dicho por Don Joaqu\u00edn (Ya saben, nada de Chapito\u2026 hay que hablarle con respeto dixit AMLO) no implica que el Yuniorismo quite el dedo del rengl\u00f3n, pero no s\u00f3lo en el Puerto, sino en cada uno de los puntos donde tengan afines (pueden tomar en cuenta a la mayor\u00eda de los diputados \u201cgolpistas\u201d, por citar algunos), lo que podr\u00eda llevar a que esa presi\u00f3n que se est\u00e1 ejerciendo en el Puerto, igual llegue, por decir a Alamo, Tantoyuca, Mart\u00ednez de la Torre, Tuxpan, Boca del R\u00edo o hasta Xalapa.<\/p>\n\n\n\n<p>En algunos municipios, la candidatura es clara para algunos panistas, como es el caso del Puerto, con Bingen; Boca del R\u00edo, con Unanue; y si me apuran, en Xalapa, con Checo Hern\u00e1ndez\u2026 conste\u2026 hablamos de un PAN que ir\u00eda sin alianzas por los Ayuntamientos\u2026 de ser lo contrario, quiz\u00e1s en algunos casos, no se altere el producto, aunque en otros, qui\u00e9n sabe\u2026<\/p>\n\n\n\n<p>Hablemos de Xalapa\u2026 en el 2016, un grupo muy fuerte pol\u00edtica y econ\u00f3micamente hablando, decidi\u00f3 apoyar a Miguel \u00c1ngel Yunes Linares. Para el 2018, ese mismo grupo igual decidi\u00f3 dar su apoyo a Miguel \u00c1ngel Yunes M\u00e1rquez a petici\u00f3n del padre.<\/p>\n\n\n\n<p>Hoy, en Xalapa, si me preguntan, veo nada m\u00e1s a un panista alzar la voz por la candidatura de Xalapa: Sergio Hern\u00e1ndez Hern\u00e1ndez.<\/p>\n\n\n\n<p>Lo que no veo, quiz\u00e1s porque es muy temprano para ello, para hablar de ello, o porque sencillamente no se han acercado a ellos, es la posici\u00f3n de ese grupo pol\u00edtico y econ\u00f3micamente hablando muy poderoso\u2026 y don Joaqu\u00edn debe de saberlo\u2026 \u00bfqu\u00e9 pasar\u00e1 cuando los Fern\u00e1ndez y los Chedraui tengan a un candidato definido para contender por la alcald\u00eda? Yunes Linares se abrir\u00e1 \u00bfo pedir\u00e1 al Yuniorismo que devuelvan el favor? Al tiempo\u2026<\/p>\n\n\n\n<p><a href=\"mailto:smcainito@gmail.com\" target=\"_blank\" rel=\"noreferrer noopener\">smcainito@gmail.com<\/a><\/p>\n","protected":false},"excerpt":{"rendered":"<p>Los Pol\u00edticos Salvador Mu\u00f1oz El problema del PAN realmente empez\u00f3 en el 2016\u2026 los escenarios contemplados en un proyecto a largo plazo que iniciaba con dos a\u00f1os, fue abruptamente interrumpido por dos factores: AMLO y las huestes de los Yunes chicos. Explicar el primer punto, ser\u00eda redundante y soso cuando es de todos conocido el [&hellip;]<\/p>\n","protected":false},"author":1,"featured_media":387,"comment_status":"open","ping_status":"open","sticky":false,"template":"","format":"standard","meta":{"_jetpack_memberships_contains_paid_content":false,"footnotes":""},"categories":[11],"tags":[],"class_list":["post-7646","post","type-post","status-publish","format-standard","has-post-thumbnail","hentry","category-opinion"],"jetpack_featured_media_url":"https:\/\/encuentroinformativo.com.mx\/wp-content\/uploads\/2020\/03\/7CF8A22B-2764-47BE-8F7F-38FE9E5D6A2F.jpeg","jetpack_sharing_enabled":true,"jetpack_likes_enabled":true,"amp_enabled":true,"_links":{"self":[{"href":"https:\/\/encuentroinformativo.com.mx\/index.php?rest_route=\/wp\/v2\/posts\/7646","targetHints":{"allow":["GET"]}}],"collection":[{"href":"https:\/\/encuentroinformativo.com.mx\/index.php?rest_route=\/wp\/v2\/posts"}],"about":[{"href":"https:\/\/encuentroinformativo.com.mx\/index.php?rest_route=\/wp\/v2\/types\/post"}],"author":[{"embeddable":true,"href":"https:\/\/encuentroinformativo.com.mx\/index.php?rest_route=\/wp\/v2\/users\/1"}],"replies":[{"embeddable":true,"href":"https:\/\/encuentroinformativo.com.mx\/index.php?rest_route=%2Fwp%2Fv2%2Fcomments&post=7646"}],"version-history":[{"count":1,"href":"https:\/\/encuentroinformativo.com.mx\/index.php?rest_route=\/wp\/v2\/posts\/7646\/revisions"}],"predecessor-version":[{"id":7647,"href":"https:\/\/encuentroinformativo.com.mx\/index.php?rest_route=\/wp\/v2\/posts\/7646\/revisions\/7647"}],"wp:featuredmedia":[{"embeddable":true,"href":"https:\/\/encuentroinformativo.com.mx\/index.php?rest_route=\/wp\/v2\/media\/387"}],"wp:attachment":[{"href":"https:\/\/encuentroinformativo.com.mx\/index.php?rest_route=%2Fwp%2Fv2%2Fmedia&parent=7646"}],"wp:term":[{"taxonomy":"category","embeddable":true,"href":"https:\/\/encuentroinformativo.com.mx\/index.php?rest_route=%2Fwp%2Fv2%2Fcategories&post=7646"},{"taxonomy":"post_tag","embeddable":true,"href":"https:\/\/encuentroinformativo.com.mx\/index.php?rest_route=%2Fwp%2Fv2%2Ftags&post=7646"}],"curies":[{"name":"wp","href":"https:\/\/api.w.org\/{rel}","templated":true}]}}