{"id":76484,"date":"2026-04-26T21:08:46","date_gmt":"2026-04-27T03:08:46","guid":{"rendered":"https:\/\/encuentroinformativo.com.mx\/?p=76484"},"modified":"2026-04-26T21:08:46","modified_gmt":"2026-04-27T03:08:46","slug":"veracruz-destaca-en-ventana-a-mexico-y-se-proyecta-al-tianguis-turistico-2026","status":"publish","type":"post","link":"https:\/\/encuentroinformativo.com.mx\/?p=76484","title":{"rendered":"Veracruz destaca en Ventana a M\u00e9xico y se proyecta al Tianguis Tur\u00edstico 2026"},"content":{"rendered":"<p>Acapulco, Gro.- El Gobierno del Estado, a trav\u00e9s de la Secretar\u00eda de Cultura de Veracruz, concluy\u00f3 su participaci\u00f3n en el encuentro Ventana a M\u00e9xico, realizado en la Plaza Quebec, en Acapulco, Guerrero, donde comparti\u00f3 con el p\u00fablico una muestra representativa de su riqueza cultural, art\u00edstica y gastron\u00f3mica.<\/p>\n<p>Durante la jornada de cierre, Veracruz cautiv\u00f3 a las y los asistentes con los sabores tradicionales de Papantla, de la mano de Jaqueline N\u00fa\u00f1ez y Luis Gonz\u00e1lez, quienes ofrecieron bocoles, tamales y bebidas refrescantes con el distintivo toque de la vainilla, s\u00edmbolo de identidad de la regi\u00f3n.<\/p>\n<p>El p\u00fablico tambi\u00e9n disfrut\u00f3 de la calidez y alegr\u00eda de las y los veracruzanos. En el espacio, artesanas y artesanos ofrecieron una amplia variedad de productos, como textiles, m\u00e1scaras talladas en madera y sombreros tejidos de Tancoco, entre otras piezas que reflejan el talento y la tradici\u00f3n del estado.<\/p>\n<p>La m\u00fasica y el ambiente festivo estuvieron presentes con el son jarocho, que dio vida a este escaparate cultural y propici\u00f3 un ambiente de encuentro y celebraci\u00f3n entre visitantes nacionales e internacionales.<\/p>\n<p>Esta participaci\u00f3n permiti\u00f3 a Veracruz seguir difundiendo su patrimonio cultural vivo y ampliar su presencia en espacios tur\u00edsticos y culturales.<\/p>\n<p>A partir de este lunes y hasta el 30 de abril, la entidad continuar\u00e1 su presencia en el Tianguis Tur\u00edstico 2026, donde seguir\u00e1 compartiendo expresiones representativas de su cultura, arte y gastronom\u00eda.<\/p>\n<p>Sigue las redes sociales de @SECVERoficial para conocer todas las actividades y descubre por qu\u00e9 Veracruz est\u00e1 de moda.<\/p>\n","protected":false},"excerpt":{"rendered":"<p>Acapulco, Gro.- El Gobierno del Estado, a trav\u00e9s de la Secretar\u00eda de Cultura de Veracruz, concluy\u00f3 su participaci\u00f3n en el encuentro Ventana a M\u00e9xico, realizado en la Plaza Quebec, en Acapulco, Guerrero, donde comparti\u00f3 con el p\u00fablico una muestra representativa de su riqueza cultural, art\u00edstica y gastron\u00f3mica. Durante la jornada de cierre, Veracruz cautiv\u00f3 a [&hellip;]<\/p>\n","protected":false},"author":2476,"featured_media":76485,"comment_status":"open","ping_status":"open","sticky":false,"template":"","format":"standard","meta":{"_jetpack_memberships_contains_paid_content":false,"footnotes":""},"categories":[2,12],"tags":[],"class_list":["post-76484","post","type-post","status-publish","format-standard","has-post-thumbnail","hentry","category-estado","category-nacional"],"jetpack_featured_media_url":"https:\/\/encuentroinformativo.com.mx\/wp-content\/uploads\/2026\/04\/IMG-20260426-WA01652.jpg","jetpack_sharing_enabled":true,"jetpack_likes_enabled":true,"amp_enabled":true,"_links":{"self":[{"href":"https:\/\/encuentroinformativo.com.mx\/index.php?rest_route=\/wp\/v2\/posts\/76484","targetHints":{"allow":["GET"]}}],"collection":[{"href":"https:\/\/encuentroinformativo.com.mx\/index.php?rest_route=\/wp\/v2\/posts"}],"about":[{"href":"https:\/\/encuentroinformativo.com.mx\/index.php?rest_route=\/wp\/v2\/types\/post"}],"author":[{"embeddable":true,"href":"https:\/\/encuentroinformativo.com.mx\/index.php?rest_route=\/wp\/v2\/users\/2476"}],"replies":[{"embeddable":true,"href":"https:\/\/encuentroinformativo.com.mx\/index.php?rest_route=%2Fwp%2Fv2%2Fcomments&post=76484"}],"version-history":[{"count":1,"href":"https:\/\/encuentroinformativo.com.mx\/index.php?rest_route=\/wp\/v2\/posts\/76484\/revisions"}],"predecessor-version":[{"id":76486,"href":"https:\/\/encuentroinformativo.com.mx\/index.php?rest_route=\/wp\/v2\/posts\/76484\/revisions\/76486"}],"wp:featuredmedia":[{"embeddable":true,"href":"https:\/\/encuentroinformativo.com.mx\/index.php?rest_route=\/wp\/v2\/media\/76485"}],"wp:attachment":[{"href":"https:\/\/encuentroinformativo.com.mx\/index.php?rest_route=%2Fwp%2Fv2%2Fmedia&parent=76484"}],"wp:term":[{"taxonomy":"category","embeddable":true,"href":"https:\/\/encuentroinformativo.com.mx\/index.php?rest_route=%2Fwp%2Fv2%2Fcategories&post=76484"},{"taxonomy":"post_tag","embeddable":true,"href":"https:\/\/encuentroinformativo.com.mx\/index.php?rest_route=%2Fwp%2Fv2%2Ftags&post=76484"}],"curies":[{"name":"wp","href":"https:\/\/api.w.org\/{rel}","templated":true}]}}