{"id":76488,"date":"2026-04-27T10:19:56","date_gmt":"2026-04-27T16:19:56","guid":{"rendered":"https:\/\/encuentroinformativo.com.mx\/?p=76488"},"modified":"2026-04-27T10:19:56","modified_gmt":"2026-04-27T16:19:56","slug":"gestiona-sefiplan-pago-de-adeudos-ante-conade","status":"publish","type":"post","link":"https:\/\/encuentroinformativo.com.mx\/?p=76488","title":{"rendered":"Gestiona SEFIPLAN pago de adeudos ante CONADE"},"content":{"rendered":"<p><strong>* Atletas veracruzanos podr\u00edan acceder nuevamente a becas de excelencia.<\/strong><\/p>\n<p><strong>Dar\u00edo Pale<\/strong><\/p>\n<p>Xalapa, Ver.- La gobernadora de Veracruz, Roc\u00edo Nahle Garc\u00eda, inform\u00f3 que la Secretar\u00eda de Finanzas y Planeaci\u00f3n (Sefiplan) realiza gestiones para saldar el adeudo con la Comisi\u00f3n Nacional de Cultura F\u00edsica y Deporte (CONADE), con el objetivo de reactivar las becas para atletas veracruzanos, al tiempo que destac\u00f3 avances en infraestructura carretera y anunci\u00f3 actividades por el D\u00eda del Ni\u00f1o en la regi\u00f3n de Huayacocotla.<\/p>\n<p>En entrevista, la mandataria estatal detall\u00f3 que el titular de Sefiplan, Miguel Reyes Hern\u00e1ndez, se encuentra en la Ciudad de M\u00e9xico sosteniendo reuniones con autoridades de Hacienda y la CONADE para resolver el adeudo que ha impedido que deportistas de la entidad accedan a apoyos federales.<\/p>\n<p>Explic\u00f3 que, tras revisar la situaci\u00f3n, el gobierno estatal encontr\u00f3 documentaci\u00f3n que acredita pagos previos, lo que permitir\u00e1 avanzar en la conciliaci\u00f3n del monto pendiente. \u201cSi falta algo, lo vamos a pagar, pero lo importante es regularizar para que nuestros atletas vuelvan a recibir sus becas de excelencia\u201d, subray\u00f3.<\/p>\n<p>Nahle Garc\u00eda destac\u00f3 que esta acci\u00f3n forma parte del proceso de ordenamiento financiero que impulsa su administraci\u00f3n, con el prop\u00f3sito de sanear pasivos hist\u00f3ricos y recuperar beneficios para distintos sectores, incluido el deportivo.<\/p>\n<p>En materia de infraestructura, la gobernadora inform\u00f3 que durante esta semana se prev\u00e9 la inauguraci\u00f3n de diversas carreteras iniciadas a finales de 2025, entre ellas el tramo Isla\u2013Santiago, de 44 kil\u00f3metros, el cual ya se encuentra concluido, aunque a\u00fan est\u00e1 en proceso la construcci\u00f3n de un puente complementario.<\/p>\n<p>Asimismo, indic\u00f3 que contin\u00faan los trabajos en la carretera Acayucan\u2013Soteapan, mientras que en la zona norte se alista la inauguraci\u00f3n del tramo Papantla\u2013Espinal y el arranque de la siguiente etapa hacia Coyutla.<\/p>\n<p>Tambi\u00e9n anunci\u00f3 el inicio de obras en la regi\u00f3n huasteca, particularmente en el tramo Tampico Alto\u2013Ozuluama, as\u00ed como la continuidad de la carretera federal 127 en coordinaci\u00f3n con la Secretar\u00eda de Infraestructura, Comunicaciones y Transportes (SICT).<\/p>\n<p>\u201cEstamos activando la obra p\u00fablica en todo el estado, del norte al sur, porque esto genera empleo y dinamiza la econom\u00eda\u201d, afirm\u00f3.<\/p>\n<p>En el marco del D\u00eda del Ni\u00f1o, la mandataria adelant\u00f3 que el pr\u00f3ximo 30 de abril visitar\u00e1 Huayacocotla, donde se realizar\u00e1 la entrega de juguetes a ni\u00f1as y ni\u00f1os de la regi\u00f3n serrana, adem\u00e1s del arranque de obras de infraestructura.<\/p>\n<p>Detall\u00f3 que, en coordinaci\u00f3n con el gobierno federal, se dar\u00e1 el banderazo a la construcci\u00f3n de puentes en la zona, como parte de un programa que contempla un total de 40 estructuras en distintas regiones del estado.<\/p>\n<p>La gobernadora record\u00f3 que previamente su administraci\u00f3n ya realiz\u00f3 la entrega de \u00fatiles escolares, mochilas y mobiliario a estudiantes de la Huasteca afectados por contingencias, por lo que ahora se busca complementar el apoyo con actividades recreativas y m\u00e1s infraestructura.<\/p>\n<p>\u201cEs un d\u00eda muy especial y queremos celebrarlo con trabajo y cercan\u00eda, llevando apoyos y obras a quienes m\u00e1s lo necesitan\u201d, concluy\u00f3.<\/p>\n","protected":false},"excerpt":{"rendered":"<p>* Atletas veracruzanos podr\u00edan acceder nuevamente a becas de excelencia. Dar\u00edo Pale Xalapa, Ver.- La gobernadora de Veracruz, Roc\u00edo Nahle Garc\u00eda, inform\u00f3 que la Secretar\u00eda de Finanzas y Planeaci\u00f3n (Sefiplan) realiza gestiones para saldar el adeudo con la Comisi\u00f3n Nacional de Cultura F\u00edsica y Deporte (CONADE), con el objetivo de reactivar las becas para atletas [&hellip;]<\/p>\n","protected":false},"author":2476,"featured_media":76489,"comment_status":"open","ping_status":"open","sticky":false,"template":"","format":"standard","meta":{"_jetpack_memberships_contains_paid_content":false,"footnotes":""},"categories":[2],"tags":[],"class_list":["post-76488","post","type-post","status-publish","format-standard","has-post-thumbnail","hentry","category-estado"],"jetpack_featured_media_url":"https:\/\/encuentroinformativo.com.mx\/wp-content\/uploads\/2026\/04\/IMG-20260427-WA0074.jpg","jetpack_sharing_enabled":true,"jetpack_likes_enabled":true,"amp_enabled":true,"_links":{"self":[{"href":"https:\/\/encuentroinformativo.com.mx\/index.php?rest_route=\/wp\/v2\/posts\/76488","targetHints":{"allow":["GET"]}}],"collection":[{"href":"https:\/\/encuentroinformativo.com.mx\/index.php?rest_route=\/wp\/v2\/posts"}],"about":[{"href":"https:\/\/encuentroinformativo.com.mx\/index.php?rest_route=\/wp\/v2\/types\/post"}],"author":[{"embeddable":true,"href":"https:\/\/encuentroinformativo.com.mx\/index.php?rest_route=\/wp\/v2\/users\/2476"}],"replies":[{"embeddable":true,"href":"https:\/\/encuentroinformativo.com.mx\/index.php?rest_route=%2Fwp%2Fv2%2Fcomments&post=76488"}],"version-history":[{"count":1,"href":"https:\/\/encuentroinformativo.com.mx\/index.php?rest_route=\/wp\/v2\/posts\/76488\/revisions"}],"predecessor-version":[{"id":76490,"href":"https:\/\/encuentroinformativo.com.mx\/index.php?rest_route=\/wp\/v2\/posts\/76488\/revisions\/76490"}],"wp:featuredmedia":[{"embeddable":true,"href":"https:\/\/encuentroinformativo.com.mx\/index.php?rest_route=\/wp\/v2\/media\/76489"}],"wp:attachment":[{"href":"https:\/\/encuentroinformativo.com.mx\/index.php?rest_route=%2Fwp%2Fv2%2Fmedia&parent=76488"}],"wp:term":[{"taxonomy":"category","embeddable":true,"href":"https:\/\/encuentroinformativo.com.mx\/index.php?rest_route=%2Fwp%2Fv2%2Fcategories&post=76488"},{"taxonomy":"post_tag","embeddable":true,"href":"https:\/\/encuentroinformativo.com.mx\/index.php?rest_route=%2Fwp%2Fv2%2Ftags&post=76488"}],"curies":[{"name":"wp","href":"https:\/\/api.w.org\/{rel}","templated":true}]}}