{"id":76494,"date":"2026-04-27T13:06:09","date_gmt":"2026-04-27T19:06:09","guid":{"rendered":"https:\/\/encuentroinformativo.com.mx\/?p=76494"},"modified":"2026-04-27T13:06:09","modified_gmt":"2026-04-27T19:06:09","slug":"registra-actopan-transicion-agricola-en-cultivos-de-mango","status":"publish","type":"post","link":"https:\/\/encuentroinformativo.com.mx\/?p=76494","title":{"rendered":"Registra Actopan transici\u00f3n agr\u00edcola en cultivos de mango"},"content":{"rendered":"<p><strong>Dar\u00edo Pale<\/strong><\/p>\n<p>Xalapa, Ver.- El municipio de Actopan se mantiene como el principal productor de mango manila en Veracruz y l\u00edder nacional en la producci\u00f3n de malanga, en medio de una transici\u00f3n agr\u00edcola que ha impactado significativamente la superficie destinada al mango, inform\u00f3 el alcalde Jos\u00e9 Eduardo Utrera Carreto.<\/p>\n<p>El edil explic\u00f3 que actualmente se realiza un an\u00e1lisis conjunto con la Secretar\u00eda de Desarrollo Agropecuario, Rural y Pesca (Sedarpa) y la Secretar\u00eda de Finanzas para determinar con precisi\u00f3n cu\u00e1ntas hect\u00e1reas se han perdido debido al cambio de cultivos, principalmente hacia la malanga, maracuy\u00e1 y chayote.<\/p>\n<p>Detall\u00f3 que esta reconversi\u00f3n productiva, impulsada por factores de rentabilidad, ha provocado una disminuci\u00f3n considerable en la producci\u00f3n de mango. De acuerdo con estimaciones preliminares, en los \u00faltimos 20 a\u00f1os la superficie cultivada de este fruto ha ca\u00eddo alrededor de un 40 por ciento.<\/p>\n<p>\u201cHa sido un costo-beneficio que nos ha impactado en el mango, pero tambi\u00e9n ha generado una nueva econom\u00eda en el municipio con cultivos como la malanga\u201d, se\u00f1al\u00f3.<\/p>\n<p>Respecto a la producci\u00f3n de este a\u00f1o, indic\u00f3 que a\u00fan no se cuenta con cifras definitivas debido a factores clim\u00e1ticos que afectan la floraci\u00f3n del mango, como frentes fr\u00edos y vientos recientes que pueden da\u00f1ar la cosecha.<\/p>\n<p>En otro tema, el presidente municipal anunci\u00f3 la realizaci\u00f3n de la feria de Actopan del 28 al 31 de mayo, la cual ser\u00e1 completamente gratuita. Como parte de las actividades previas, el 23 de mayo se llevar\u00e1 a cabo un trail tem\u00e1tico \u201ccon olor a mango\u201d, mientras que el d\u00eda 24 se realizar\u00e1 una carrera de tubulares.<\/p>\n<p>Para el evento principal, se espera una asistencia de alrededor de 5 mil personas durante jueves y viernes, y una mayor afluencia el s\u00e1bado, cuando se presentar\u00e1n artistas como Junior Klan, la Orquesta Guayac\u00e1n del Ayer y Mario Polo.<\/p>\n<p>En materia tur\u00edstica, destac\u00f3 que la ocupaci\u00f3n hotelera ya se encuentra al m\u00e1ximo, lo que anticipa una derrama econ\u00f3mica importante, cuyos resultados ser\u00e1n evaluados una vez concluidas las festividades.<\/p>\n<p>En cuanto a seguridad, se\u00f1al\u00f3 que el municipio registra saldo blanco en delitos de alto impacto en los \u00faltimos meses, adem\u00e1s de que se han realizado trabajos de rehabilitaci\u00f3n carretera para facilitar el acceso de visitantes.<\/p>\n<p>Por otro lado, inform\u00f3 que existe un proceso legal en torno a la instalaci\u00f3n de 12 naves en la comunidad de Palmas de Abajo, donde habitantes han manifestado preocupaci\u00f3n por posibles afectaciones ambientales a la laguna de La Mancha. No obstante, indic\u00f3 que dichas instalaciones cuentan con los permisos correspondientes y estudios de impacto ambiental.<\/p>\n<p>Finalmente, destac\u00f3 que, en coordinaci\u00f3n con el gobierno estatal, se impulsan acciones en materia agropecuaria como la construcci\u00f3n de ollas de captaci\u00f3n de agua y campa\u00f1as de sanidad animal, incluyendo la vacunaci\u00f3n de ganado y control de plagas, con el objetivo de fortalecer la productividad del campo actope\u00f1o.<\/p>\n","protected":false},"excerpt":{"rendered":"<p>Dar\u00edo Pale Xalapa, Ver.- El municipio de Actopan se mantiene como el principal productor de mango manila en Veracruz y l\u00edder nacional en la producci\u00f3n de malanga, en medio de una transici\u00f3n agr\u00edcola que ha impactado significativamente la superficie destinada al mango, inform\u00f3 el alcalde Jos\u00e9 Eduardo Utrera Carreto. El edil explic\u00f3 que actualmente se [&hellip;]<\/p>\n","protected":false},"author":2476,"featured_media":76495,"comment_status":"open","ping_status":"open","sticky":false,"template":"","format":"standard","meta":{"_jetpack_memberships_contains_paid_content":false,"footnotes":""},"categories":[8],"tags":[],"class_list":["post-76494","post","type-post","status-publish","format-standard","has-post-thumbnail","hentry","category-region"],"jetpack_featured_media_url":"https:\/\/encuentroinformativo.com.mx\/wp-content\/uploads\/2026\/04\/IMG-20260427-WA0152.jpg","jetpack_sharing_enabled":true,"jetpack_likes_enabled":true,"amp_enabled":true,"_links":{"self":[{"href":"https:\/\/encuentroinformativo.com.mx\/index.php?rest_route=\/wp\/v2\/posts\/76494","targetHints":{"allow":["GET"]}}],"collection":[{"href":"https:\/\/encuentroinformativo.com.mx\/index.php?rest_route=\/wp\/v2\/posts"}],"about":[{"href":"https:\/\/encuentroinformativo.com.mx\/index.php?rest_route=\/wp\/v2\/types\/post"}],"author":[{"embeddable":true,"href":"https:\/\/encuentroinformativo.com.mx\/index.php?rest_route=\/wp\/v2\/users\/2476"}],"replies":[{"embeddable":true,"href":"https:\/\/encuentroinformativo.com.mx\/index.php?rest_route=%2Fwp%2Fv2%2Fcomments&post=76494"}],"version-history":[{"count":1,"href":"https:\/\/encuentroinformativo.com.mx\/index.php?rest_route=\/wp\/v2\/posts\/76494\/revisions"}],"predecessor-version":[{"id":76496,"href":"https:\/\/encuentroinformativo.com.mx\/index.php?rest_route=\/wp\/v2\/posts\/76494\/revisions\/76496"}],"wp:featuredmedia":[{"embeddable":true,"href":"https:\/\/encuentroinformativo.com.mx\/index.php?rest_route=\/wp\/v2\/media\/76495"}],"wp:attachment":[{"href":"https:\/\/encuentroinformativo.com.mx\/index.php?rest_route=%2Fwp%2Fv2%2Fmedia&parent=76494"}],"wp:term":[{"taxonomy":"category","embeddable":true,"href":"https:\/\/encuentroinformativo.com.mx\/index.php?rest_route=%2Fwp%2Fv2%2Fcategories&post=76494"},{"taxonomy":"post_tag","embeddable":true,"href":"https:\/\/encuentroinformativo.com.mx\/index.php?rest_route=%2Fwp%2Fv2%2Ftags&post=76494"}],"curies":[{"name":"wp","href":"https:\/\/api.w.org\/{rel}","templated":true}]}}