{"id":76497,"date":"2026-04-27T13:59:14","date_gmt":"2026-04-27T19:59:14","guid":{"rendered":"https:\/\/encuentroinformativo.com.mx\/?p=76497"},"modified":"2026-04-27T13:59:14","modified_gmt":"2026-04-27T19:59:14","slug":"estudiantes-de-psicologia-siguen-sin-clases-por-paro-laboral-en-la-upav","status":"publish","type":"post","link":"https:\/\/encuentroinformativo.com.mx\/?p=76497","title":{"rendered":"Estudiantes de psicolog\u00eda siguen sin clases por paro laboral en la UPAV"},"content":{"rendered":"<p><strong>Dar\u00edo Pale<\/strong><\/p>\n<p>Xalapa, Ver.- Alrededor de 300 estudiantes de la Licenciatura en Psicolog\u00eda, sede Xalapa, de la Universidad Popular Aut\u00f3noma de Veracruz, permanecen sin clases desde inicios de abril debido a un paro laboral de docentes y personal administrativo ante la falta de pago y certeza en su contrataci\u00f3n.<\/p>\n<p>La comunidad estudiantil inform\u00f3 que las actividades acad\u00e9micas fueron suspendidas desde el pasado 4 de abril, y hasta el momento no se han reanudado ni en modalidad presencial ni en l\u00ednea, lo que ha generado incertidumbre, especialmente entre quienes est\u00e1n pr\u00f3ximos a concluir sus estudios.<\/p>\n<p>De acuerdo con los alumnos, el paro laboral inici\u00f3 el 11 de abril, luego de que docentes y administrativos no recibieran respuesta por parte de las autoridades ante adeudos salariales y la falta de claridad en sus condiciones laborales.<\/p>\n<p>A trav\u00e9s de una carta p\u00fablica, los estudiantes se\u00f1alaron que al inicio del periodo escolar tomaban clases en l\u00ednea; sin embargo, tras el anuncio del paro, todas las actividades quedaron suspendidas, dej\u00e1ndolos \u201ca la deriva\u201d entre la exigencia de derechos laborales del personal acad\u00e9mico y la falta de acci\u00f3n por parte de Rector\u00eda.<\/p>\n<p>\u201cEstamos siendo afectados alrededor de 300 alumnos de distintos niveles, algunos de nosotros pronto vamos a terminar la carrera\u201d, expresaron.<\/p>\n<p>Ante esta situaci\u00f3n, los estudiantes se organizaron en un comit\u00e9 para exigir la reanudaci\u00f3n de clases y el respeto a su derecho a la educaci\u00f3n.<\/p>\n<p>Como primera acci\u00f3n, enviaron un oficio dirigido al rector de la UPAV, Rodolfo Torres Vel\u00e1zquez; a la secretaria de Educaci\u00f3n de Veracruz, Claudia Tello Espinosa; al subsecretario de Educaci\u00f3n Media Superior y Superior, David Agust\u00edn Jim\u00e9nez Rojas; y a la gobernadora del estado, Roc\u00edo Nahle Garc\u00eda, sin obtener respuesta formal.<\/p>\n<p>Entre sus principales demandas se encuentran la reanudaci\u00f3n inmediata de clases presenciales, contar con un espacio f\u00edsico adecuado, el cumplimiento de las condiciones bajo las cuales se inscribieron, as\u00ed como garantizar un proceso adecuado para quienes est\u00e1n por egresar. Tambi\u00e9n exigen el reconocimiento pleno del semestre en curso, sin afectaciones acad\u00e9micas o administrativas.<\/p>\n<p>Los estudiantes se\u00f1alaron que la \u00fanica respuesta recibida ha sido v\u00eda telef\u00f3nica, donde se les pidi\u00f3 esperar entre cuatro y cinco semanas para obtener informaci\u00f3n, situaci\u00f3n que consideraron inviable debido a que sus clases se imparten los fines de semana.<\/p>\n<p>\u201cEl tiempo avanza y no hay clases, pr\u00e1cticas ni asesor\u00edas, lo que perjudica nuestra formaci\u00f3n acad\u00e9mica y profesional\u201d, advirtieron, al tiempo que aseguraron que continuar\u00e1n manifest\u00e1ndose hasta ser atendidos.<\/p>\n<p>Cabe recordar que desde enero pasado, tras la entrada en vigor del Decreto 496, el Gobierno del Estado y la UPAV asumieron de manera directa la contrataci\u00f3n y pago de su personal docente, directivo y administrativo, con el objetivo de garantizar certidumbre laboral y transparencia.<\/p>\n<p>En ese contexto, se anunci\u00f3 el inicio de procesos de incorporaci\u00f3n laboral del personal, incluyendo entrevistas, integraci\u00f3n de expedientes y firma de contratos bajo un esquema de pago quincenal; sin embargo, la situaci\u00f3n actual evidencia retrasos e inconsistencias en su implementaci\u00f3n.<\/p>\n","protected":false},"excerpt":{"rendered":"<p>Dar\u00edo Pale Xalapa, Ver.- Alrededor de 300 estudiantes de la Licenciatura en Psicolog\u00eda, sede Xalapa, de la Universidad Popular Aut\u00f3noma de Veracruz, permanecen sin clases desde inicios de abril debido a un paro laboral de docentes y personal administrativo ante la falta de pago y certeza en su contrataci\u00f3n. La comunidad estudiantil inform\u00f3 que las [&hellip;]<\/p>\n","protected":false},"author":2476,"featured_media":76498,"comment_status":"open","ping_status":"open","sticky":false,"template":"","format":"standard","meta":{"_jetpack_memberships_contains_paid_content":false,"footnotes":""},"categories":[3],"tags":[],"class_list":["post-76497","post","type-post","status-publish","format-standard","has-post-thumbnail","hentry","category-xalapa"],"jetpack_featured_media_url":"https:\/\/encuentroinformativo.com.mx\/wp-content\/uploads\/2026\/04\/IMG-20260427-WA0183.jpg","jetpack_sharing_enabled":true,"jetpack_likes_enabled":true,"amp_enabled":true,"_links":{"self":[{"href":"https:\/\/encuentroinformativo.com.mx\/index.php?rest_route=\/wp\/v2\/posts\/76497","targetHints":{"allow":["GET"]}}],"collection":[{"href":"https:\/\/encuentroinformativo.com.mx\/index.php?rest_route=\/wp\/v2\/posts"}],"about":[{"href":"https:\/\/encuentroinformativo.com.mx\/index.php?rest_route=\/wp\/v2\/types\/post"}],"author":[{"embeddable":true,"href":"https:\/\/encuentroinformativo.com.mx\/index.php?rest_route=\/wp\/v2\/users\/2476"}],"replies":[{"embeddable":true,"href":"https:\/\/encuentroinformativo.com.mx\/index.php?rest_route=%2Fwp%2Fv2%2Fcomments&post=76497"}],"version-history":[{"count":1,"href":"https:\/\/encuentroinformativo.com.mx\/index.php?rest_route=\/wp\/v2\/posts\/76497\/revisions"}],"predecessor-version":[{"id":76499,"href":"https:\/\/encuentroinformativo.com.mx\/index.php?rest_route=\/wp\/v2\/posts\/76497\/revisions\/76499"}],"wp:featuredmedia":[{"embeddable":true,"href":"https:\/\/encuentroinformativo.com.mx\/index.php?rest_route=\/wp\/v2\/media\/76498"}],"wp:attachment":[{"href":"https:\/\/encuentroinformativo.com.mx\/index.php?rest_route=%2Fwp%2Fv2%2Fmedia&parent=76497"}],"wp:term":[{"taxonomy":"category","embeddable":true,"href":"https:\/\/encuentroinformativo.com.mx\/index.php?rest_route=%2Fwp%2Fv2%2Fcategories&post=76497"},{"taxonomy":"post_tag","embeddable":true,"href":"https:\/\/encuentroinformativo.com.mx\/index.php?rest_route=%2Fwp%2Fv2%2Ftags&post=76497"}],"curies":[{"name":"wp","href":"https:\/\/api.w.org\/{rel}","templated":true}]}}