{"id":765,"date":"2020-03-11T11:13:23","date_gmt":"2020-03-11T17:13:23","guid":{"rendered":"https:\/\/encuentroinformativo.com\/?p=765"},"modified":"2020-03-11T11:13:25","modified_gmt":"2020-03-11T17:13:25","slug":"vendedores-ambulantes-rechazan-operativos-del-ayuntamiento","status":"publish","type":"post","link":"https:\/\/encuentroinformativo.com.mx\/?p=765","title":{"rendered":"Vendedores ambulantes rechazan operativos del Ayuntamiento"},"content":{"rendered":"\n<p><strong>Dar\u00edo Pale <\/strong><\/p>\n\n\n\n<p>Xalapa, Ver.- Olga Morales del Valle secretaria general del comit\u00e9 regional de la CROC, dio a conocer que se quieren reunir con el alcalde para que paren los abusos, agresiones y el robo de mercanc\u00eda en contra de los vendedores ambulantes.<\/p>\n\n\n\n<p>Entrevistada durante la marcha que realizaron el d\u00eda de hoy en contra del ayuntamiento de Xalapa, se\u00f1al\u00f3 que la manifestaci\u00f3n se debe a las formas arbitrarias en las que est\u00e1 actuando el ayuntamiento de Xalapa.<\/p>\n\n\n\n<p>Lo anterior se debe al plan de movilidad han llegado a tumbar puestos, rob\u00e1ndose mercanc\u00eda, llev\u00e1ndose los estantes, sin tomar en cuenta de que muchos de los vendedores sacrifican mucho para poder adquirirla.<\/p>\n\n\n\n<p>\u201cResulta que nosotros tambi\u00e9n fuimos renunciados del sal\u00f3n Bazar, nos pasaron al AutoZone como ustedes saben en tiempos pasados movimos una pared porque no cab\u00edamos en ese acuerdo de Cabildo y ahora ya mandan que nos recortamos cuando supuestamente ellos nos prometieron que nos daban la calle M\u00e9rida y la calle Gildardo \u00c1viles y que mandar\u00edan toda la propaganda del mundo que iba a ser el mercado n\u00famero uno, el tianguis n\u00famero uno en la ciudad cosa que hasta el momento no se ha cumplido en nada\u201d, se\u00f1al\u00f3.<\/p>\n\n\n\n<p>Por lo que tambi\u00e9n les quieren reducir espacios ahora de la calle M\u00e9rida y esos son los que estaban en Francisco V\u00e1zquez y Censos Nacionales, por las supuestos planes de movilidad los est\u00e1n retirando de las calles de Miguel Alem\u00e1n, Pipila, M\u00e1rtires 28 de agosto, Ru\u00edz Cortinez, \u201cllegan tumban y no respetan nada\u201d.<\/p>\n\n\n\n<p>Se\u00f1al\u00f3 que la manifestaci\u00f3n se debe a que quieren reunirse con el alcalde para que los atienda y que pare a su personal ya que ellos reciben instrucciones y \u201cparece que est\u00e1 la mano negra de Vergel en todo esto y el de desarrollo urbano que se dedique a trabajar en lo suyo y que no vaya tumbado puestos y toldos\u201d.<\/p>\n\n\n\n<p>Finalmente se\u00f1al\u00f3 que hay mucho trabajo en Xalapa como para que est\u00e9n atacando a los comerciantes m\u00e1s vale tener trabajadores comerciante y si hay que hacer cambios los hacen pero con respeto y no crear un mont\u00f3n de ladrones.<\/p>\n\n\n\n<p><\/p>\n\n\n\n<p><\/p>\n","protected":false},"excerpt":{"rendered":"<p>Dar\u00edo Pale Xalapa, Ver.- Olga Morales del Valle secretaria general del comit\u00e9 regional de la CROC, dio a conocer que se quieren reunir con el alcalde para que paren los abusos, agresiones y el robo de mercanc\u00eda en contra de los vendedores ambulantes. Entrevistada durante la marcha que realizaron el d\u00eda de hoy en contra [&hellip;]<\/p>\n","protected":false},"author":1,"featured_media":535,"comment_status":"open","ping_status":"open","sticky":false,"template":"","format":"standard","meta":{"_jetpack_memberships_contains_paid_content":false,"footnotes":""},"categories":[3],"tags":[],"class_list":["post-765","post","type-post","status-publish","format-standard","has-post-thumbnail","hentry","category-xalapa"],"jetpack_featured_media_url":"https:\/\/encuentroinformativo.com.mx\/wp-content\/uploads\/2020\/03\/B8646CB7-9CF6-42B0-9D02-4E65DA06D6C3.jpeg","jetpack_sharing_enabled":true,"jetpack_likes_enabled":true,"amp_enabled":true,"_links":{"self":[{"href":"https:\/\/encuentroinformativo.com.mx\/index.php?rest_route=\/wp\/v2\/posts\/765","targetHints":{"allow":["GET"]}}],"collection":[{"href":"https:\/\/encuentroinformativo.com.mx\/index.php?rest_route=\/wp\/v2\/posts"}],"about":[{"href":"https:\/\/encuentroinformativo.com.mx\/index.php?rest_route=\/wp\/v2\/types\/post"}],"author":[{"embeddable":true,"href":"https:\/\/encuentroinformativo.com.mx\/index.php?rest_route=\/wp\/v2\/users\/1"}],"replies":[{"embeddable":true,"href":"https:\/\/encuentroinformativo.com.mx\/index.php?rest_route=%2Fwp%2Fv2%2Fcomments&post=765"}],"version-history":[{"count":1,"href":"https:\/\/encuentroinformativo.com.mx\/index.php?rest_route=\/wp\/v2\/posts\/765\/revisions"}],"predecessor-version":[{"id":766,"href":"https:\/\/encuentroinformativo.com.mx\/index.php?rest_route=\/wp\/v2\/posts\/765\/revisions\/766"}],"wp:featuredmedia":[{"embeddable":true,"href":"https:\/\/encuentroinformativo.com.mx\/index.php?rest_route=\/wp\/v2\/media\/535"}],"wp:attachment":[{"href":"https:\/\/encuentroinformativo.com.mx\/index.php?rest_route=%2Fwp%2Fv2%2Fmedia&parent=765"}],"wp:term":[{"taxonomy":"category","embeddable":true,"href":"https:\/\/encuentroinformativo.com.mx\/index.php?rest_route=%2Fwp%2Fv2%2Fcategories&post=765"},{"taxonomy":"post_tag","embeddable":true,"href":"https:\/\/encuentroinformativo.com.mx\/index.php?rest_route=%2Fwp%2Fv2%2Ftags&post=765"}],"curies":[{"name":"wp","href":"https:\/\/api.w.org\/{rel}","templated":true}]}}