{"id":7651,"date":"2020-11-03T12:16:44","date_gmt":"2020-11-03T18:16:44","guid":{"rendered":"https:\/\/encuentroinformativo.com.mx\/?p=7651"},"modified":"2020-11-03T12:16:47","modified_gmt":"2020-11-03T18:16:47","slug":"por-norte-encalla-enchanted-capri-en-playas-de-alvarado","status":"publish","type":"post","link":"https:\/\/encuentroinformativo.com.mx\/?p=7651","title":{"rendered":"Por \u201cnorte\u201d encalla Enchanted Capri en playas de Alvarado"},"content":{"rendered":"\n<p><strong>Alejandro \u00c1vila<\/strong><\/p>\n\n\n\n<p>Alvarado, Ver.- La madrugada de este martes y debido a los fuertes vientos del norte, encall\u00f3 en las playas de Alvarado el buque de bandera mexicana Enchanted Capri.<\/p>\n\n\n\n<p>El director de Protecci\u00f3n Civil de Alvarado, Walter Almeida Mellado, detall\u00f3 que la embarcaci\u00f3n se encontraba fondeado en la zona, pero debido a los intensos vientos que se presentaron por el Frente Frio n\u00famero 11, el nav\u00edo se fue moviendo hasta llegar a la orilla, al punto donde se le conoce como playa La Caba.<\/p>\n\n\n\n<p>\u201cEl barco tiene cuatro tripulantes (\u2026) m\u00e1s o menos se encuentra en donde antes estaba la playa conocida como La Caba (\u2026) Capitan\u00eda del Puerto ya ten\u00eda conocimiento que el barco estaba fondeado, porque el barco al parecer viene que lo van a chatarrear ac\u00e1 en los astilleros, ya le hicieron su an\u00e1lisis, ya tienen contacto con el Capit\u00e1n, lo que tengo entendido es que personal del Astilleros, con sus remolcadores los van a jalar, para sacarlo del terreno arenoso\u201d, declar\u00f3 el funcionario municipal.<\/p>\n\n\n\n<p>En otro tema y en cuanto a las afectaciones en el municipio por el Frente Frio n\u00famero 11, Almeida Mellado dijo afortunadamente hubo afectaciones menores, solo cables ca\u00eddos y l\u00e1minas que se desprendieron por no estar bien sujetadas, pero afortunadamente nada que lamentar.<\/p>\n\n\n\n<p>\u201cS\u00ed tuvimos un norte con rachas de 98 que por ac\u00e1 se sent\u00edan, pero pues afortunadamente afectaciones mayores ninguna, muy pocas afectaciones menores (\u2026) y pues estar preparados para apoyar a la ciudadan\u00eda ante cualquier eventualidad que se les presente\u201d, remat\u00f3.<\/p>\n","protected":false},"excerpt":{"rendered":"<p>Alejandro \u00c1vila Alvarado, Ver.- La madrugada de este martes y debido a los fuertes vientos del norte, encall\u00f3 en las playas de Alvarado el buque de bandera mexicana Enchanted Capri. El director de Protecci\u00f3n Civil de Alvarado, Walter Almeida Mellado, detall\u00f3 que la embarcaci\u00f3n se encontraba fondeado en la zona, pero debido a los intensos [&hellip;]<\/p>\n","protected":false},"author":1,"featured_media":7652,"comment_status":"open","ping_status":"open","sticky":false,"template":"","format":"standard","meta":{"_jetpack_memberships_contains_paid_content":false,"footnotes":""},"categories":[2],"tags":[],"class_list":["post-7651","post","type-post","status-publish","format-standard","has-post-thumbnail","hentry","category-estado"],"jetpack_featured_media_url":"https:\/\/encuentroinformativo.com.mx\/wp-content\/uploads\/2020\/11\/5AA3F83D-A809-4D5E-871F-BCF75B5426C0.jpeg","jetpack_sharing_enabled":true,"jetpack_likes_enabled":true,"amp_enabled":true,"_links":{"self":[{"href":"https:\/\/encuentroinformativo.com.mx\/index.php?rest_route=\/wp\/v2\/posts\/7651","targetHints":{"allow":["GET"]}}],"collection":[{"href":"https:\/\/encuentroinformativo.com.mx\/index.php?rest_route=\/wp\/v2\/posts"}],"about":[{"href":"https:\/\/encuentroinformativo.com.mx\/index.php?rest_route=\/wp\/v2\/types\/post"}],"author":[{"embeddable":true,"href":"https:\/\/encuentroinformativo.com.mx\/index.php?rest_route=\/wp\/v2\/users\/1"}],"replies":[{"embeddable":true,"href":"https:\/\/encuentroinformativo.com.mx\/index.php?rest_route=%2Fwp%2Fv2%2Fcomments&post=7651"}],"version-history":[{"count":1,"href":"https:\/\/encuentroinformativo.com.mx\/index.php?rest_route=\/wp\/v2\/posts\/7651\/revisions"}],"predecessor-version":[{"id":7653,"href":"https:\/\/encuentroinformativo.com.mx\/index.php?rest_route=\/wp\/v2\/posts\/7651\/revisions\/7653"}],"wp:featuredmedia":[{"embeddable":true,"href":"https:\/\/encuentroinformativo.com.mx\/index.php?rest_route=\/wp\/v2\/media\/7652"}],"wp:attachment":[{"href":"https:\/\/encuentroinformativo.com.mx\/index.php?rest_route=%2Fwp%2Fv2%2Fmedia&parent=7651"}],"wp:term":[{"taxonomy":"category","embeddable":true,"href":"https:\/\/encuentroinformativo.com.mx\/index.php?rest_route=%2Fwp%2Fv2%2Fcategories&post=7651"},{"taxonomy":"post_tag","embeddable":true,"href":"https:\/\/encuentroinformativo.com.mx\/index.php?rest_route=%2Fwp%2Fv2%2Ftags&post=7651"}],"curies":[{"name":"wp","href":"https:\/\/api.w.org\/{rel}","templated":true}]}}