{"id":76511,"date":"2026-04-28T13:23:09","date_gmt":"2026-04-28T19:23:09","guid":{"rendered":"https:\/\/encuentroinformativo.com.mx\/?p=76511"},"modified":"2026-04-28T13:23:09","modified_gmt":"2026-04-28T19:23:09","slug":"celebrara-coparmex-xalapa-su-40-aniversario","status":"publish","type":"post","link":"https:\/\/encuentroinformativo.com.mx\/?p=76511","title":{"rendered":"Celebrar\u00e1 Coparmex Xalapa su 40 aniversario"},"content":{"rendered":"<p><strong>Dar\u00edo Pale<\/strong><\/p>\n<p>Xalapa, Ver.- La Confederaci\u00f3n Patronal de la Rep\u00fablica Mexicana (Coparmex) en Xalapa conmemorar\u00e1 su 40 aniversario con una serie de actividades abiertas al p\u00fablico, entre las que destacan una conferencia magistral, una cena de convivencia y un panel enfocado en la seguridad empresarial.<\/p>\n<p>El presidente del organismo, Arturo Blanco Hern\u00e1ndez, inform\u00f3 que el evento principal se llevar\u00e1 a cabo el pr\u00f3ximo 30 de abril a las 19:00 horas en el Hotel HB, ubicado sobre la avenida L\u00e1zaro C\u00e1rdenas.<\/p>\n<p>Como invitado especial participar\u00e1 el presidente nacional de Coparmex, Juan Jos\u00e9 Sierra \u00c1lvarez, quien impartir\u00e1 la conferencia titulada \u201cEl futuro lo construimos todos\u201d.<\/p>\n<p>Posteriormente, se realizar\u00e1 una cena en la que se entregar\u00e1n reconocimientos a fundadores y expresidentes del organismo empresarial, como parte de la celebraci\u00f3n por sus cuatro d\u00e9cadas de presencia en la capital veracruzana.<\/p>\n<p>Blanco Hern\u00e1ndez destac\u00f3 que la convocatoria est\u00e1 abierta al p\u00fablico en general, sean o no afiliados, con el objetivo de acercar a m\u00e1s personas al organismo.<\/p>\n<p>Los interesados podr\u00e1n registrarse a trav\u00e9s de las redes sociales de Coparmex Xalapa en Facebook e Instagram, donde tambi\u00e9n encontrar\u00e1n informaci\u00f3n sobre costos, que ser\u00e1n de mil 500 pesos para no afiliados y mil pesos para afiliados.<\/p>\n<p>Previo al evento principal, a las 17:00 horas, se llevar\u00e1 a cabo una mesa de seguridad exclusiva para socios, en la que participar\u00e1n autoridades de los tres niveles de gobierno.<\/p>\n<p>En este espacio se abordar\u00e1n problem\u00e1ticas que afectan al sector empresarial, como robos y extorsiones, con la finalidad de construir una agenda conjunta enfocada en la prevenci\u00f3n.<\/p>\n<p>El dirigente empresarial subray\u00f3 que, de acuerdo con mediciones internas como Data Coparmex, uno de los delitos que m\u00e1s afecta a los empresarios es el robo en tr\u00e1nsito, que representa el 18 por ciento de los casos reportados.<\/p>\n<p>Asimismo, alert\u00f3 sobre la extorsi\u00f3n telef\u00f3nica, la cual alcanza una efectividad cercana al 37 por ciento, lo que evidencia la necesidad de fortalecer la comunicaci\u00f3n con las autoridades y fomentar la denuncia.<\/p>\n<p>Reconoci\u00f3 que la incidencia delictiva contin\u00faa siendo una preocupaci\u00f3n, en parte debido a que muchos casos no se denuncian por temor, lo que impide contar con cifras reales.<\/p>\n<p>En ese sentido, insisti\u00f3 en la importancia de garantizar el Estado de Derecho para lograr una convivencia social arm\u00f3nica.<\/p>\n<p>Finalmente, se\u00f1al\u00f3 que uno de los objetivos de estos encuentros es establecer canales de comunicaci\u00f3n permanentes entre autoridades y empresarios, as\u00ed como generar reuniones peri\u00f3dicas que permitan atender las necesidades del sector productivo.<\/p>\n<p>En cuanto a la participaci\u00f3n de las mujeres en el \u00e1mbito empresarial, destac\u00f3 que cada vez son m\u00e1s las que emprenden y lideran negocios, caracteriz\u00e1ndose por su disciplina y empuje, adem\u00e1s de la colaboraci\u00f3n constante entre Coparmex y asociaciones como Amexme.<\/p>\n","protected":false},"excerpt":{"rendered":"<p>Dar\u00edo Pale Xalapa, Ver.- La Confederaci\u00f3n Patronal de la Rep\u00fablica Mexicana (Coparmex) en Xalapa conmemorar\u00e1 su 40 aniversario con una serie de actividades abiertas al p\u00fablico, entre las que destacan una conferencia magistral, una cena de convivencia y un panel enfocado en la seguridad empresarial. El presidente del organismo, Arturo Blanco Hern\u00e1ndez, inform\u00f3 que el [&hellip;]<\/p>\n","protected":false},"author":2476,"featured_media":76512,"comment_status":"open","ping_status":"open","sticky":false,"template":"","format":"standard","meta":{"_jetpack_memberships_contains_paid_content":false,"footnotes":""},"categories":[3],"tags":[],"class_list":["post-76511","post","type-post","status-publish","format-standard","has-post-thumbnail","hentry","category-xalapa"],"jetpack_featured_media_url":"https:\/\/encuentroinformativo.com.mx\/wp-content\/uploads\/2026\/04\/IMG-20260428-WA0239.jpg","jetpack_sharing_enabled":true,"jetpack_likes_enabled":true,"amp_enabled":true,"_links":{"self":[{"href":"https:\/\/encuentroinformativo.com.mx\/index.php?rest_route=\/wp\/v2\/posts\/76511","targetHints":{"allow":["GET"]}}],"collection":[{"href":"https:\/\/encuentroinformativo.com.mx\/index.php?rest_route=\/wp\/v2\/posts"}],"about":[{"href":"https:\/\/encuentroinformativo.com.mx\/index.php?rest_route=\/wp\/v2\/types\/post"}],"author":[{"embeddable":true,"href":"https:\/\/encuentroinformativo.com.mx\/index.php?rest_route=\/wp\/v2\/users\/2476"}],"replies":[{"embeddable":true,"href":"https:\/\/encuentroinformativo.com.mx\/index.php?rest_route=%2Fwp%2Fv2%2Fcomments&post=76511"}],"version-history":[{"count":1,"href":"https:\/\/encuentroinformativo.com.mx\/index.php?rest_route=\/wp\/v2\/posts\/76511\/revisions"}],"predecessor-version":[{"id":76513,"href":"https:\/\/encuentroinformativo.com.mx\/index.php?rest_route=\/wp\/v2\/posts\/76511\/revisions\/76513"}],"wp:featuredmedia":[{"embeddable":true,"href":"https:\/\/encuentroinformativo.com.mx\/index.php?rest_route=\/wp\/v2\/media\/76512"}],"wp:attachment":[{"href":"https:\/\/encuentroinformativo.com.mx\/index.php?rest_route=%2Fwp%2Fv2%2Fmedia&parent=76511"}],"wp:term":[{"taxonomy":"category","embeddable":true,"href":"https:\/\/encuentroinformativo.com.mx\/index.php?rest_route=%2Fwp%2Fv2%2Fcategories&post=76511"},{"taxonomy":"post_tag","embeddable":true,"href":"https:\/\/encuentroinformativo.com.mx\/index.php?rest_route=%2Fwp%2Fv2%2Ftags&post=76511"}],"curies":[{"name":"wp","href":"https:\/\/api.w.org\/{rel}","templated":true}]}}