{"id":76514,"date":"2026-04-28T14:33:11","date_gmt":"2026-04-28T20:33:11","guid":{"rendered":"https:\/\/encuentroinformativo.com.mx\/?p=76514"},"modified":"2026-04-28T14:33:11","modified_gmt":"2026-04-28T20:33:11","slug":"adolescente-sale-ilesa-de-incendio-de-su-vivienda-en-medellin-de-bravo","status":"publish","type":"post","link":"https:\/\/encuentroinformativo.com.mx\/?p=76514","title":{"rendered":"Adolescente sale ilesa de incendio de su vivienda en Medell\u00edn de Bravo"},"content":{"rendered":"<p><strong>Alejandro \u00c1vila<\/strong><\/p>\n<p>Medell\u00edn de Bravo, Ver.- Una joven de aproximadamente 19 a\u00f1os logr\u00f3 salir ilesa del incendio de su vivienda la tarde de este martes 28 de abril.<\/p>\n<p>El director de Protecci\u00f3n Civil, Antonio Rosas, dio a conocer que se trat\u00f3 de un cortocircuito de un aire acondicionado en una vivienda ubicada y en el Circuito Circ\u00f3n del fraccionamiento Lagos de Puente Moreno.<\/p>\n<p>&#8220;Estaba una ni\u00f1a sola avis\u00f3 a sus pap\u00e1s, su pap\u00e1 le dijo que saliera que le avisara el Jefe de Manzana y este nos avis\u00f3 a nosotros, pero pues ya la casa est\u00e1 perdida en casi un 90 por ciento (&#8230;) ya est\u00e1 controlado, estamos enfriando, cuesti\u00f3n de remoci\u00f3n y enfriamiento, toda una habitaci\u00f3n perdida donde fue el corto circuito por el aire acondicionado, son habitaciones muy peque\u00f1as, enseres de cocina y dem\u00e1s, la zona de patio, centro de lavado y todo&#8221;, expres\u00f3.<\/p>\n<p>Cabe mencionar que, adem\u00e1s de las corporaciones de emergencia del Ayuntamiento de Medell\u00edn de Bravo, varios vecinos ayudaron a intentar sofocar el fuego.<\/p>\n","protected":false},"excerpt":{"rendered":"<p>Alejandro \u00c1vila Medell\u00edn de Bravo, Ver.- Una joven de aproximadamente 19 a\u00f1os logr\u00f3 salir ilesa del incendio de su vivienda la tarde de este martes 28 de abril. El director de Protecci\u00f3n Civil, Antonio Rosas, dio a conocer que se trat\u00f3 de un cortocircuito de un aire acondicionado en una vivienda ubicada y en el [&hellip;]<\/p>\n","protected":false},"author":2476,"featured_media":76515,"comment_status":"open","ping_status":"open","sticky":false,"template":"","format":"standard","meta":{"_jetpack_memberships_contains_paid_content":false,"footnotes":""},"categories":[14],"tags":[],"class_list":["post-76514","post","type-post","status-publish","format-standard","has-post-thumbnail","hentry","category-policiaca"],"jetpack_featured_media_url":"https:\/\/encuentroinformativo.com.mx\/wp-content\/uploads\/2026\/04\/IMG-20260428-WA0318.jpg","jetpack_sharing_enabled":true,"jetpack_likes_enabled":true,"amp_enabled":true,"_links":{"self":[{"href":"https:\/\/encuentroinformativo.com.mx\/index.php?rest_route=\/wp\/v2\/posts\/76514","targetHints":{"allow":["GET"]}}],"collection":[{"href":"https:\/\/encuentroinformativo.com.mx\/index.php?rest_route=\/wp\/v2\/posts"}],"about":[{"href":"https:\/\/encuentroinformativo.com.mx\/index.php?rest_route=\/wp\/v2\/types\/post"}],"author":[{"embeddable":true,"href":"https:\/\/encuentroinformativo.com.mx\/index.php?rest_route=\/wp\/v2\/users\/2476"}],"replies":[{"embeddable":true,"href":"https:\/\/encuentroinformativo.com.mx\/index.php?rest_route=%2Fwp%2Fv2%2Fcomments&post=76514"}],"version-history":[{"count":1,"href":"https:\/\/encuentroinformativo.com.mx\/index.php?rest_route=\/wp\/v2\/posts\/76514\/revisions"}],"predecessor-version":[{"id":76516,"href":"https:\/\/encuentroinformativo.com.mx\/index.php?rest_route=\/wp\/v2\/posts\/76514\/revisions\/76516"}],"wp:featuredmedia":[{"embeddable":true,"href":"https:\/\/encuentroinformativo.com.mx\/index.php?rest_route=\/wp\/v2\/media\/76515"}],"wp:attachment":[{"href":"https:\/\/encuentroinformativo.com.mx\/index.php?rest_route=%2Fwp%2Fv2%2Fmedia&parent=76514"}],"wp:term":[{"taxonomy":"category","embeddable":true,"href":"https:\/\/encuentroinformativo.com.mx\/index.php?rest_route=%2Fwp%2Fv2%2Fcategories&post=76514"},{"taxonomy":"post_tag","embeddable":true,"href":"https:\/\/encuentroinformativo.com.mx\/index.php?rest_route=%2Fwp%2Fv2%2Ftags&post=76514"}],"curies":[{"name":"wp","href":"https:\/\/api.w.org\/{rel}","templated":true}]}}